{"id":19856,"date":"2026-01-20T08:37:26","date_gmt":"2026-01-20T13:37:26","guid":{"rendered":"https:\/\/nellydevuyst.com\/?p=19856"},"modified":"2026-01-25T22:09:28","modified_gmt":"2026-01-26T03:09:28","slug":"la-peau-interieure-un-voyage-sous-la-surface-avec-nelly-de-vuyst","status":"publish","type":"post","link":"https:\/\/nellydevuyst.com\/fr\/la-peau-interieure-un-voyage-sous-la-surface-avec-nelly-de-vuyst\/","title":{"rendered":"La Peau Int\u00e9rieure: Un Voyage Sous la Surface avec Nelly De Vuyst"},"content":{"rendered":"<p class=\"lead\">Chez Nelly De Vuyst, nous croyons que la peau est bien plus que ce que l\u2019on voit \u00e0 l\u2019\u0153il nu. Elle est le miroir de votre sant\u00e9, le r\u00e9ceptacle de vos \u00e9motions et le t\u00e9moin de votre parcours de vie.<\/p>\n<p class=\"lead\">Cette ann\u00e9e, nous vous invitons \u00e0 explorer <strong>La Peau Interieure<\/strong>, un espace o\u00f9 le soin de la peau devient un v\u00e9ritable acte de soin de soi, o\u00f9 la sagesse de la nature rencontre la science avanc\u00e9e, et o\u00f9 chaque rituel se transforme en un moment de renouveau.<\/p>\n<h2>Pourquoi Nous Avons Choisi La Peau Interieure<\/h2>\n<p>Le monde d\u2019aujourd\u2019hui va plus vite que jamais, et la vie est remplie d\u2019activit\u00e9s et de changements constants. Dans cet environnement, prendre le temps de se reconnecter \u00e0 soi-m\u00eame et \u00e0 son \u00e9quilibre int\u00e9rieur n\u2019a jamais \u00e9t\u00e9 aussi pr\u00e9cieux.<br \/>Nelly De Vuyst a choisi <strong>La Peau Interieure<\/strong>\u00a0comme th\u00e8me 2026 pour inspirer une approche consciente de la beaut\u00e9. En regardant au-del\u00e0 de la surface, nous c\u00e9l\u00e9brons le lien entre sant\u00e9 int\u00e9rieure et peau, o\u00f9 harmonie int\u00e9rieure, \u00e9quilibre hormonal et \u00e9clat visible sont profond\u00e9ment li\u00e9s. Le soin de la peau devient plus qu\u2019une routine; il devient une pratique quotidienne d\u2019\u00e9coute et de bienveillance envers soi-m\u00eame gr\u00e2ce \u00e0 une approche holistique.<\/p>\n<h2>La Peau, Reflet du Monde Int\u00e9rieur<\/h2>\n<p>Votre peau refl\u00e8te ce qui se passe \u00e0 l\u2019int\u00e9rieur de votre corps : une v\u00e9ritable sant\u00e9 de la peau de l\u2019int\u00e9rieur. Les subtils changements \u00e9motionnels et les rythmes hormonaux se traduisent \u00e0 la surface par l\u2019hydratation, la douceur, la texture et l\u2019\u00e9clat, mettant en \u00e9vidence le lien \u00e9troit entre peau et sant\u00e9 \u00e9motionnelle.<br \/>En cultivant la qui\u00e9tude int\u00e9rieure par des pratiques conscientes, des rituels doux et l\u2019attention port\u00e9e \u00e0 soi, vous soutenez l\u2019\u00e9quilibre hormonal, nourrissez votre peau de l\u2019int\u00e9rieur et favorisez un bien-\u00eatre cutan\u00e9 durable, laissant \u00e9merger un \u00e9clat naturel et lumineux.<\/p>\n<h2>Un Voyage Inspir\u00e9 par les \u00c9l\u00e9ments<\/h2>\n<p>Pour donner vie \u00e0 cette vision, nous nous tournons vers les quatre \u00e9l\u00e9ments essentiels : l\u2019Air, l\u2019Eau, le Feu et la Terre. Ces forces universelles fa\u00e7onnent non seulement le monde naturel, mais aussi nos \u00e9motions, nos rythmes et l\u2019\u00e9tat de notre peau, constituant la base du soin holistique.<\/p>\n<ul>\n<li class=\"bullet-arrow\"><strong>L\u2019Air<\/strong> apporte clart\u00e9, l\u00e9g\u00e8ret\u00e9 et souffle pour l\u2019esprit et la peau.<\/li>\n<li class=\"bullet-arrow\"><strong>L\u2019Eau<\/strong> incarne le flux, l\u2019hydratation et le renouveau pour l\u2019\u00e9quilibre int\u00e9rieur.<\/li>\n<li class=\"bullet-arrow\"><strong>Le Feu<\/strong> repr\u00e9sente l\u2019\u00e9nergie, la chaleur et la r\u00e9silience.<\/li>\n<li class=\"bullet-arrow\"><strong>La Terre<\/strong> symbolise l\u2019ancrage, la stabilit\u00e9 et la nutrition pour un \u00e9clat durable.<\/li>\n<\/ul>\n<p>Chaque \u00e9l\u00e9ment guide les rituels que nous partageons tout au long de l\u2019ann\u00e9e, transformant chaque moment de soin en une occasion de se reconnecter \u00e0 soi et \u00e0 sa peau.<\/p>\n<h2>Une Invitation pour l\u2019Ann\u00e9e \u00e0 Venir<\/h2>\n<p>Nelly De Vuyst vous invite \u00e0 entreprendre ce voyage et \u00e0 d\u00e9couvrir <strong>La Peau Interieure<\/strong>. Nourrissez-la. \u00c9coutez-la. Laissez-la vous guider vers une peau plus saine, plus \u00e9quilibr\u00e9e et naturellement \u00e9clatante, soutenue par l\u2019harmonie int\u00e9rieure et des soins conscients.<\/p>\n<p class=\"lead\">Vivez les \u00e9l\u00e9ments avec nous cette ann\u00e9e et laissez votre peau refl\u00e9ter l\u2019harmonie int\u00e9rieure.<\/p>\n","protected":false},"excerpt":{"rendered":"<p>Cette ann\u00e9e, nous vous invitons \u00e0 explorer [The Skin Within], un espace o\u00f9 le soin de la peau devient un v\u00e9ritable acte de soin de soi, o\u00f9 la sagesse de la nature rencontre la science avanc\u00e9e, et o\u00f9 chaque rituel se transforme en un moment de renouveau.<\/p>\n","protected":false},"author":971,"featured_media":19855,"comment_status":"open","ping_status":"open","sticky":false,"template":"","format":"standard","meta":{"mc4wp_mailchimp_campaign":[],"footnotes":""},"categories":[218,213],"tags":[],"class_list":["post-19856","post","type-post","status-publish","format-standard","has-post-thumbnail","hentry","category-mode-de-vie","category-secrets-de-beaute"],"yoast_head":"<!-- This site is optimized with the Yoast SEO plugin v27.4 - https:\/\/yoast.com\/product\/yoast-seo-wordpress\/ -->\n<title>La Peau Int\u00e9rieure: Un Voyage Sous la Surface avec Nelly De Vuyst<\/title>\n<meta name=\"description\" content=\"\ufeff\ufeffD\u00e9couvrez La Peau Int\u00e9rieure, le th\u00e8me 2026 de Nelly De Vuyst, une approche holistique reliant \u00e9quilibre int\u00e9rieur, \u00e9motions et \u00e9clat naturel.\" \/>\n<meta name=\"robots\" content=\"index, follow, max-snippet:-1, max-image-preview:large, max-video-preview:-1\" \/>\n<link rel=\"canonical\" href=\"https:\/\/nellydevuyst.com\/fr\/la-peau-interieure-un-voyage-sous-la-surface-avec-nelly-de-vuyst\/\" \/>\n<meta property=\"og:locale\" content=\"fr_FR\" \/>\n<meta property=\"og:type\" content=\"article\" \/>\n<meta property=\"og:title\" content=\"La Peau Int\u00e9rieure: Un Voyage Sous la Surface avec Nelly De Vuyst\" \/>\n<meta property=\"og:description\" content=\"\ufeff\ufeffD\u00e9couvrez La Peau Int\u00e9rieure, le th\u00e8me 2026 de Nelly De Vuyst, une approche holistique reliant \u00e9quilibre int\u00e9rieur, \u00e9motions et \u00e9clat naturel.\" \/>\n<meta property=\"og:url\" content=\"https:\/\/nellydevuyst.com\/fr\/la-peau-interieure-un-voyage-sous-la-surface-avec-nelly-de-vuyst\/\" \/>\n<meta property=\"og:site_name\" content=\"Nelly De Vuyst\u00ae Skin Care\" \/>\n<meta property=\"article:publisher\" content=\"https:\/\/www.facebook.com\/NellyDeVuystSkincare\/\" \/>\n<meta property=\"article:published_time\" content=\"2026-01-20T13:37:26+00:00\" \/>\n<meta property=\"article:modified_time\" content=\"2026-01-26T03:09:28+00:00\" \/>\n<meta property=\"og:image\" content=\"https:\/\/nellydevuyst.com\/wp-content\/uploads\/2026\/01\/The-Skin-Within-A-Journey-Beneath-The-Surface-With-Nelly-De-Vuyst.jpg\" \/>\n\t<meta property=\"og:image:width\" content=\"1200\" \/>\n\t<meta property=\"og:image:height\" content=\"600\" \/>\n\t<meta property=\"og:image:type\" content=\"image\/jpeg\" \/>\n<meta name=\"author\" content=\"Ahmed Amin\" \/>\n<meta name=\"twitter:card\" content=\"summary_large_image\" \/>\n<script type=\"application\/ld+json\" class=\"yoast-schema-graph\">{\"@context\":\"https:\\\/\\\/schema.org\",\"@graph\":[{\"@type\":[\"Article\",\"BlogPosting\"],\"@id\":\"https:\\\/\\\/nellydevuyst.com\\\/fr\\\/la-peau-interieure-un-voyage-sous-la-surface-avec-nelly-de-vuyst\\\/#article\",\"isPartOf\":{\"@id\":\"https:\\\/\\\/nellydevuyst.com\\\/fr\\\/la-peau-interieure-un-voyage-sous-la-surface-avec-nelly-de-vuyst\\\/\"},\"author\":{\"name\":\"Ahmed Amin\",\"@id\":\"https:\\\/\\\/nellydevuyst.com\\\/fr\\\/#\\\/schema\\\/person\\\/4ff62940ee76be2ed8ae603ff7eeef2a\"},\"headline\":\"La Peau Int\u00e9rieure: Un Voyage Sous la Surface avec Nelly De Vuyst\",\"datePublished\":\"2026-01-20T13:37:26+00:00\",\"dateModified\":\"2026-01-26T03:09:28+00:00\",\"mainEntityOfPage\":{\"@id\":\"https:\\\/\\\/nellydevuyst.com\\\/fr\\\/la-peau-interieure-un-voyage-sous-la-surface-avec-nelly-de-vuyst\\\/\"},\"wordCount\":558,\"commentCount\":0,\"publisher\":{\"@id\":\"https:\\\/\\\/nellydevuyst.com\\\/fr\\\/#organization\"},\"image\":{\"@id\":\"https:\\\/\\\/nellydevuyst.com\\\/fr\\\/la-peau-interieure-un-voyage-sous-la-surface-avec-nelly-de-vuyst\\\/#primaryimage\"},\"thumbnailUrl\":\"https:\\\/\\\/nellydevuyst.com\\\/wp-content\\\/uploads\\\/2026\\\/01\\\/The-Skin-Within-A-Journey-Beneath-The-Surface-With-Nelly-De-Vuyst.jpg\",\"articleSection\":[\"Mode de Vie\",\"Secrets de Beaut\u00e9\"],\"inLanguage\":\"fr-FR\",\"potentialAction\":[{\"@type\":\"CommentAction\",\"name\":\"Comment\",\"target\":[\"https:\\\/\\\/nellydevuyst.com\\\/fr\\\/la-peau-interieure-un-voyage-sous-la-surface-avec-nelly-de-vuyst\\\/#respond\"]}]},{\"@type\":\"WebPage\",\"@id\":\"https:\\\/\\\/nellydevuyst.com\\\/fr\\\/la-peau-interieure-un-voyage-sous-la-surface-avec-nelly-de-vuyst\\\/\",\"url\":\"https:\\\/\\\/nellydevuyst.com\\\/fr\\\/la-peau-interieure-un-voyage-sous-la-surface-avec-nelly-de-vuyst\\\/\",\"name\":\"La Peau Int\u00e9rieure: Un Voyage Sous la Surface avec Nelly De Vuyst\",\"isPartOf\":{\"@id\":\"https:\\\/\\\/nellydevuyst.com\\\/fr\\\/#website\"},\"primaryImageOfPage\":{\"@id\":\"https:\\\/\\\/nellydevuyst.com\\\/fr\\\/la-peau-interieure-un-voyage-sous-la-surface-avec-nelly-de-vuyst\\\/#primaryimage\"},\"image\":{\"@id\":\"https:\\\/\\\/nellydevuyst.com\\\/fr\\\/la-peau-interieure-un-voyage-sous-la-surface-avec-nelly-de-vuyst\\\/#primaryimage\"},\"thumbnailUrl\":\"https:\\\/\\\/nellydevuyst.com\\\/wp-content\\\/uploads\\\/2026\\\/01\\\/The-Skin-Within-A-Journey-Beneath-The-Surface-With-Nelly-De-Vuyst.jpg\",\"datePublished\":\"2026-01-20T13:37:26+00:00\",\"dateModified\":\"2026-01-26T03:09:28+00:00\",\"description\":\"\ufeff\ufeffD\u00e9couvrez La Peau Int\u00e9rieure, le th\u00e8me 2026 de Nelly De Vuyst, une approche holistique reliant \u00e9quilibre int\u00e9rieur, \u00e9motions et \u00e9clat naturel.\",\"breadcrumb\":{\"@id\":\"https:\\\/\\\/nellydevuyst.com\\\/fr\\\/la-peau-interieure-un-voyage-sous-la-surface-avec-nelly-de-vuyst\\\/#breadcrumb\"},\"inLanguage\":\"fr-FR\",\"potentialAction\":[{\"@type\":\"ReadAction\",\"target\":[\"https:\\\/\\\/nellydevuyst.com\\\/fr\\\/la-peau-interieure-un-voyage-sous-la-surface-avec-nelly-de-vuyst\\\/\"]}]},{\"@type\":\"ImageObject\",\"inLanguage\":\"fr-FR\",\"@id\":\"https:\\\/\\\/nellydevuyst.com\\\/fr\\\/la-peau-interieure-un-voyage-sous-la-surface-avec-nelly-de-vuyst\\\/#primaryimage\",\"url\":\"https:\\\/\\\/nellydevuyst.com\\\/wp-content\\\/uploads\\\/2026\\\/01\\\/The-Skin-Within-A-Journey-Beneath-The-Surface-With-Nelly-De-Vuyst.jpg\",\"contentUrl\":\"https:\\\/\\\/nellydevuyst.com\\\/wp-content\\\/uploads\\\/2026\\\/01\\\/The-Skin-Within-A-Journey-Beneath-The-Surface-With-Nelly-De-Vuyst.jpg\",\"width\":1200,\"height\":600,\"caption\":\"The Skin Within A Journey Beneath The Surface With Nelly De Vuyst\"},{\"@type\":\"BreadcrumbList\",\"@id\":\"https:\\\/\\\/nellydevuyst.com\\\/fr\\\/la-peau-interieure-un-voyage-sous-la-surface-avec-nelly-de-vuyst\\\/#breadcrumb\",\"itemListElement\":[{\"@type\":\"ListItem\",\"position\":1,\"name\":\"Home\",\"item\":\"https:\\\/\\\/nellydevuyst.com\\\/fr\\\/\"},{\"@type\":\"ListItem\",\"position\":2,\"name\":\"La Peau Int\u00e9rieure: Un Voyage Sous la Surface avec Nelly De Vuyst\"}]},{\"@type\":\"WebSite\",\"@id\":\"https:\\\/\\\/nellydevuyst.com\\\/fr\\\/#website\",\"url\":\"https:\\\/\\\/nellydevuyst.com\\\/fr\\\/\",\"name\":\"Nelly De Vuyst\u00ae Skin Care\",\"description\":\"The Best of Science and Nature\",\"publisher\":{\"@id\":\"https:\\\/\\\/nellydevuyst.com\\\/fr\\\/#organization\"},\"alternateName\":\"NDV Skin Care\",\"potentialAction\":[{\"@type\":\"SearchAction\",\"target\":{\"@type\":\"EntryPoint\",\"urlTemplate\":\"https:\\\/\\\/nellydevuyst.com\\\/fr\\\/?s={search_term_string}\"},\"query-input\":{\"@type\":\"PropertyValueSpecification\",\"valueRequired\":true,\"valueName\":\"search_term_string\"}}],\"inLanguage\":\"fr-FR\"},{\"@type\":\"Organization\",\"@id\":\"https:\\\/\\\/nellydevuyst.com\\\/fr\\\/#organization\",\"name\":\"Nelly De Vuyst Skin Care\",\"alternateName\":\"NDV Skin Care\",\"url\":\"https:\\\/\\\/nellydevuyst.com\\\/fr\\\/\",\"logo\":{\"@type\":\"ImageObject\",\"inLanguage\":\"fr-FR\",\"@id\":\"https:\\\/\\\/nellydevuyst.com\\\/fr\\\/#\\\/schema\\\/logo\\\/image\\\/\",\"url\":\"https:\\\/\\\/nellydevuyst.com\\\/wp-content\\\/uploads\\\/2024\\\/01\\\/ndv-logo-favico.png\",\"contentUrl\":\"https:\\\/\\\/nellydevuyst.com\\\/wp-content\\\/uploads\\\/2024\\\/01\\\/ndv-logo-favico.png\",\"width\":512,\"height\":512,\"caption\":\"Nelly De Vuyst Skin Care\"},\"image\":{\"@id\":\"https:\\\/\\\/nellydevuyst.com\\\/fr\\\/#\\\/schema\\\/logo\\\/image\\\/\"},\"sameAs\":[\"https:\\\/\\\/www.facebook.com\\\/NellyDeVuystSkincare\\\/\",\"https:\\\/\\\/www.instagram.com\\\/nelly_devuyst\\\/\",\"https:\\\/\\\/www.youtube.com\\\/user\\\/derme8282\",\"https:\\\/\\\/www.tiktok.com\\\/@nellydevuyst\",\"https:\\\/\\\/www.pinterest.com.mx\\\/nellydevuystskincare\\\/\"]},{\"@type\":\"Person\",\"@id\":\"https:\\\/\\\/nellydevuyst.com\\\/fr\\\/#\\\/schema\\\/person\\\/4ff62940ee76be2ed8ae603ff7eeef2a\",\"name\":\"Ahmed Amin\",\"image\":{\"@type\":\"ImageObject\",\"inLanguage\":\"fr-FR\",\"@id\":\"https:\\\/\\\/secure.gravatar.com\\\/avatar\\\/00153fe7b5a516781e90d3777a9a0b494620dd1bdc8c07f545225918b66063da?s=96&d=mm&r=g\",\"url\":\"https:\\\/\\\/secure.gravatar.com\\\/avatar\\\/00153fe7b5a516781e90d3777a9a0b494620dd1bdc8c07f545225918b66063da?s=96&d=mm&r=g\",\"contentUrl\":\"https:\\\/\\\/secure.gravatar.com\\\/avatar\\\/00153fe7b5a516781e90d3777a9a0b494620dd1bdc8c07f545225918b66063da?s=96&d=mm&r=g\",\"caption\":\"Ahmed Amin\"},\"sameAs\":[\"http:\\\/\\\/dermeco.com\"]}]}<\/script>\n<!-- \/ Yoast SEO plugin. -->","yoast_head_json":{"title":"La Peau Int\u00e9rieure: Un Voyage Sous la Surface avec Nelly De Vuyst","description":"\ufeff\ufeffD\u00e9couvrez La Peau Int\u00e9rieure, le th\u00e8me 2026 de Nelly De Vuyst, une approche holistique reliant \u00e9quilibre int\u00e9rieur, \u00e9motions et \u00e9clat naturel.","robots":{"index":"index","follow":"follow","max-snippet":"max-snippet:-1","max-image-preview":"max-image-preview:large","max-video-preview":"max-video-preview:-1"},"canonical":"https:\/\/nellydevuyst.com\/fr\/la-peau-interieure-un-voyage-sous-la-surface-avec-nelly-de-vuyst\/","og_locale":"fr_FR","og_type":"article","og_title":"La Peau Int\u00e9rieure: Un Voyage Sous la Surface avec Nelly De Vuyst","og_description":"\ufeff\ufeffD\u00e9couvrez La Peau Int\u00e9rieure, le th\u00e8me 2026 de Nelly De Vuyst, une approche holistique reliant \u00e9quilibre int\u00e9rieur, \u00e9motions et \u00e9clat naturel.","og_url":"https:\/\/nellydevuyst.com\/fr\/la-peau-interieure-un-voyage-sous-la-surface-avec-nelly-de-vuyst\/","og_site_name":"Nelly De Vuyst\u00ae Skin Care","article_publisher":"https:\/\/www.facebook.com\/NellyDeVuystSkincare\/","article_published_time":"2026-01-20T13:37:26+00:00","article_modified_time":"2026-01-26T03:09:28+00:00","og_image":[{"width":1200,"height":600,"url":"https:\/\/nellydevuyst.com\/wp-content\/uploads\/2026\/01\/The-Skin-Within-A-Journey-Beneath-The-Surface-With-Nelly-De-Vuyst.jpg","type":"image\/jpeg"}],"author":"Ahmed Amin","twitter_card":"summary_large_image","schema":{"@context":"https:\/\/schema.org","@graph":[{"@type":["Article","BlogPosting"],"@id":"https:\/\/nellydevuyst.com\/fr\/la-peau-interieure-un-voyage-sous-la-surface-avec-nelly-de-vuyst\/#article","isPartOf":{"@id":"https:\/\/nellydevuyst.com\/fr\/la-peau-interieure-un-voyage-sous-la-surface-avec-nelly-de-vuyst\/"},"author":{"name":"Ahmed Amin","@id":"https:\/\/nellydevuyst.com\/fr\/#\/schema\/person\/4ff62940ee76be2ed8ae603ff7eeef2a"},"headline":"La Peau Int\u00e9rieure: Un Voyage Sous la Surface avec Nelly De Vuyst","datePublished":"2026-01-20T13:37:26+00:00","dateModified":"2026-01-26T03:09:28+00:00","mainEntityOfPage":{"@id":"https:\/\/nellydevuyst.com\/fr\/la-peau-interieure-un-voyage-sous-la-surface-avec-nelly-de-vuyst\/"},"wordCount":558,"commentCount":0,"publisher":{"@id":"https:\/\/nellydevuyst.com\/fr\/#organization"},"image":{"@id":"https:\/\/nellydevuyst.com\/fr\/la-peau-interieure-un-voyage-sous-la-surface-avec-nelly-de-vuyst\/#primaryimage"},"thumbnailUrl":"https:\/\/nellydevuyst.com\/wp-content\/uploads\/2026\/01\/The-Skin-Within-A-Journey-Beneath-The-Surface-With-Nelly-De-Vuyst.jpg","articleSection":["Mode de Vie","Secrets de Beaut\u00e9"],"inLanguage":"fr-FR","potentialAction":[{"@type":"CommentAction","name":"Comment","target":["https:\/\/nellydevuyst.com\/fr\/la-peau-interieure-un-voyage-sous-la-surface-avec-nelly-de-vuyst\/#respond"]}]},{"@type":"WebPage","@id":"https:\/\/nellydevuyst.com\/fr\/la-peau-interieure-un-voyage-sous-la-surface-avec-nelly-de-vuyst\/","url":"https:\/\/nellydevuyst.com\/fr\/la-peau-interieure-un-voyage-sous-la-surface-avec-nelly-de-vuyst\/","name":"La Peau Int\u00e9rieure: Un Voyage Sous la Surface avec Nelly De Vuyst","isPartOf":{"@id":"https:\/\/nellydevuyst.com\/fr\/#website"},"primaryImageOfPage":{"@id":"https:\/\/nellydevuyst.com\/fr\/la-peau-interieure-un-voyage-sous-la-surface-avec-nelly-de-vuyst\/#primaryimage"},"image":{"@id":"https:\/\/nellydevuyst.com\/fr\/la-peau-interieure-un-voyage-sous-la-surface-avec-nelly-de-vuyst\/#primaryimage"},"thumbnailUrl":"https:\/\/nellydevuyst.com\/wp-content\/uploads\/2026\/01\/The-Skin-Within-A-Journey-Beneath-The-Surface-With-Nelly-De-Vuyst.jpg","datePublished":"2026-01-20T13:37:26+00:00","dateModified":"2026-01-26T03:09:28+00:00","description":"\ufeff\ufeffD\u00e9couvrez La Peau Int\u00e9rieure, le th\u00e8me 2026 de Nelly De Vuyst, une approche holistique reliant \u00e9quilibre int\u00e9rieur, \u00e9motions et \u00e9clat naturel.","breadcrumb":{"@id":"https:\/\/nellydevuyst.com\/fr\/la-peau-interieure-un-voyage-sous-la-surface-avec-nelly-de-vuyst\/#breadcrumb"},"inLanguage":"fr-FR","potentialAction":[{"@type":"ReadAction","target":["https:\/\/nellydevuyst.com\/fr\/la-peau-interieure-un-voyage-sous-la-surface-avec-nelly-de-vuyst\/"]}]},{"@type":"ImageObject","inLanguage":"fr-FR","@id":"https:\/\/nellydevuyst.com\/fr\/la-peau-interieure-un-voyage-sous-la-surface-avec-nelly-de-vuyst\/#primaryimage","url":"https:\/\/nellydevuyst.com\/wp-content\/uploads\/2026\/01\/The-Skin-Within-A-Journey-Beneath-The-Surface-With-Nelly-De-Vuyst.jpg","contentUrl":"https:\/\/nellydevuyst.com\/wp-content\/uploads\/2026\/01\/The-Skin-Within-A-Journey-Beneath-The-Surface-With-Nelly-De-Vuyst.jpg","width":1200,"height":600,"caption":"The Skin Within A Journey Beneath The Surface With Nelly De Vuyst"},{"@type":"BreadcrumbList","@id":"https:\/\/nellydevuyst.com\/fr\/la-peau-interieure-un-voyage-sous-la-surface-avec-nelly-de-vuyst\/#breadcrumb","itemListElement":[{"@type":"ListItem","position":1,"name":"Home","item":"https:\/\/nellydevuyst.com\/fr\/"},{"@type":"ListItem","position":2,"name":"La Peau Int\u00e9rieure: Un Voyage Sous la Surface avec Nelly De Vuyst"}]},{"@type":"WebSite","@id":"https:\/\/nellydevuyst.com\/fr\/#website","url":"https:\/\/nellydevuyst.com\/fr\/","name":"Nelly De Vuyst\u00ae Skin Care","description":"The Best of Science and Nature","publisher":{"@id":"https:\/\/nellydevuyst.com\/fr\/#organization"},"alternateName":"NDV Skin Care","potentialAction":[{"@type":"SearchAction","target":{"@type":"EntryPoint","urlTemplate":"https:\/\/nellydevuyst.com\/fr\/?s={search_term_string}"},"query-input":{"@type":"PropertyValueSpecification","valueRequired":true,"valueName":"search_term_string"}}],"inLanguage":"fr-FR"},{"@type":"Organization","@id":"https:\/\/nellydevuyst.com\/fr\/#organization","name":"Nelly De Vuyst Skin Care","alternateName":"NDV Skin Care","url":"https:\/\/nellydevuyst.com\/fr\/","logo":{"@type":"ImageObject","inLanguage":"fr-FR","@id":"https:\/\/nellydevuyst.com\/fr\/#\/schema\/logo\/image\/","url":"https:\/\/nellydevuyst.com\/wp-content\/uploads\/2024\/01\/ndv-logo-favico.png","contentUrl":"https:\/\/nellydevuyst.com\/wp-content\/uploads\/2024\/01\/ndv-logo-favico.png","width":512,"height":512,"caption":"Nelly De Vuyst Skin Care"},"image":{"@id":"https:\/\/nellydevuyst.com\/fr\/#\/schema\/logo\/image\/"},"sameAs":["https:\/\/www.facebook.com\/NellyDeVuystSkincare\/","https:\/\/www.instagram.com\/nelly_devuyst\/","https:\/\/www.youtube.com\/user\/derme8282","https:\/\/www.tiktok.com\/@nellydevuyst","https:\/\/www.pinterest.com.mx\/nellydevuystskincare\/"]},{"@type":"Person","@id":"https:\/\/nellydevuyst.com\/fr\/#\/schema\/person\/4ff62940ee76be2ed8ae603ff7eeef2a","name":"Ahmed Amin","image":{"@type":"ImageObject","inLanguage":"fr-FR","@id":"https:\/\/secure.gravatar.com\/avatar\/00153fe7b5a516781e90d3777a9a0b494620dd1bdc8c07f545225918b66063da?s=96&d=mm&r=g","url":"https:\/\/secure.gravatar.com\/avatar\/00153fe7b5a516781e90d3777a9a0b494620dd1bdc8c07f545225918b66063da?s=96&d=mm&r=g","contentUrl":"https:\/\/secure.gravatar.com\/avatar\/00153fe7b5a516781e90d3777a9a0b494620dd1bdc8c07f545225918b66063da?s=96&d=mm&r=g","caption":"Ahmed Amin"},"sameAs":["http:\/\/dermeco.com"]}]}},"_links":{"self":[{"href":"https:\/\/nellydevuyst.com\/fr\/wp-json\/wp\/v2\/posts\/19856","targetHints":{"allow":["GET"]}}],"collection":[{"href":"https:\/\/nellydevuyst.com\/fr\/wp-json\/wp\/v2\/posts"}],"about":[{"href":"https:\/\/nellydevuyst.com\/fr\/wp-json\/wp\/v2\/types\/post"}],"author":[{"embeddable":true,"href":"https:\/\/nellydevuyst.com\/fr\/wp-json\/wp\/v2\/users\/971"}],"replies":[{"embeddable":true,"href":"https:\/\/nellydevuyst.com\/fr\/wp-json\/wp\/v2\/comments?post=19856"}],"version-history":[{"count":0,"href":"https:\/\/nellydevuyst.com\/fr\/wp-json\/wp\/v2\/posts\/19856\/revisions"}],"wp:featuredmedia":[{"embeddable":true,"href":"https:\/\/nellydevuyst.com\/fr\/wp-json\/wp\/v2\/media\/19855"}],"wp:attachment":[{"href":"https:\/\/nellydevuyst.com\/fr\/wp-json\/wp\/v2\/media?parent=19856"}],"wp:term":[{"taxonomy":"category","embeddable":true,"href":"https:\/\/nellydevuyst.com\/fr\/wp-json\/wp\/v2\/categories?post=19856"},{"taxonomy":"post_tag","embeddable":true,"href":"https:\/\/nellydevuyst.com\/fr\/wp-json\/wp\/v2\/tags?post=19856"}],"curies":[{"name":"wp","href":"https:\/\/api.w.org\/{rel}","templated":true}]}}