{"id":4343,"date":"2021-02-12T12:02:20","date_gmt":"2021-02-12T17:02:20","guid":{"rendered":"https:\/\/nellydevuyst.com\/dry-vs-dehydrated\/"},"modified":"2023-12-11T15:50:08","modified_gmt":"2023-12-11T20:50:08","slug":"peau-seche-peau-dehydratee","status":"publish","type":"post","link":"https:\/\/nellydevuyst.com\/fr\/peau-seche-peau-dehydratee\/","title":{"rendered":"Peau S\u00e8che vs. Peau D\u00e9hydrat\u00e9e"},"content":{"rendered":"<h2 class=\"lead\">Quelle est la diff\u00e9rence entre les types de peau d\u00e9shydrat\u00e9e et s\u00e8che et comment choisir la bonne formule pour une hydratation durable?<\/h2>\n<p class=\"lead\">La promotion de ce mois-ci nous donne une bonne occasion de parler des diff\u00e9rences entre les peaux s\u00e8ches d\u00e9shydrat\u00e9es qui manquent d&rsquo;eau en raison de la perte d&rsquo;eau trans\u00e9pidermique et les peaux s\u00e8ches-alipidiques qui manquent de lipides gras.<\/p>\n<p>Lorsque l&rsquo;on examine les types de peau, il est important de se rappeler qu&rsquo;il existe des facteurs g\u00e9n\u00e9tiques intrins\u00e8ques et des facteurs extrins\u00e8ques li\u00e9s au mode de vie qui jouent un r\u00f4le dans l&rsquo;\u00e9tat de notre peau. L&rsquo;accent sera mis aujourd&rsquo;hui sur les aspects extrins\u00e8ques que nous pouvons contr\u00f4ler, mais commen\u00e7ons par examiner ce qui d\u00e9finit une peau saine et \u00e9quilibr\u00e9e.<\/p>\n<p>La barri\u00e8re hydrolipidique ou le manteau acide de la peau est notre premi\u00e8re ligne de d\u00e9fense contre les irritants externes. Elle est compos\u00e9e d&rsquo;eau et d&rsquo;huile qui cr\u00e9ent une barri\u00e8re protectrice hydratante qui abrite \u00e9galement votre microbiome. Lorsque notre barri\u00e8re est saine, elle emp\u00eache la d\u00e9shydratation en pr\u00e9venant la perte d&rsquo;eau trans\u00e9pidermique. Elle contribue \u00e9galement \u00e0 la m\u00e9diation de la r\u00e9ponse inflammatoire de nos Langerhans et des cellules k\u00e9ratinocytaires. En hiver, notre barri\u00e8re lipidique est affect\u00e9e par des facteurs \u00e0 la fois internes et externes.<\/p>\n<p>En hiver, notre peau ne produit pas autant de s\u00e9bum\/huile, notre peau est tendue et nous pouvons \u00e9galement constater une plus grande d\u00e9shydratation. Cette situation peut \u00eatre aggrav\u00e9e par une humidit\u00e9 moindre dans l&rsquo;air et dans notre environnement. Le manque de lipides contribue \u00e0 la d\u00e9shydratation de la peau par l&rsquo;\u00e9vaporation de l&rsquo;eau.<\/p>\n<p>Ce que nous mettons sur notre peau et ce que nous mangeons sont essentiels lorsque nous avons affaire \u00e0 une peau s\u00e8che d\u00e9shydrat\u00e9e ou alipidique. Les macronutriments sous forme de lipides et les micronutriments tels que les vitamines et les min\u00e9raux travaillent ensemble pour maintenir les fonctions de barri\u00e8re de la peau.\u00a0 En hiver, essayez d&rsquo;augmenter votre consommation d&rsquo;eau, d&rsquo;acides gras essentiels, d&rsquo;antioxydants et de min\u00e9raux tels que le zinc et la silice.<\/p>\n<h3>Conseil d&rsquo;hiver<\/h3>\n<p>Si vous passez du temps \u00e0 l&rsquo;ext\u00e9rieur par une journ\u00e9e froide, choisissez de mettre votre huile ou extrait pr\u00e9f\u00e9r\u00e9 sous votre cr\u00e8me hydratante pour mieux prot\u00e9ger votre peau. Vous recherchez un masque ultra-nourrissant? Et ajoutez dix gouttes d&rsquo;huile sous votre masque hebdomadaire pour un \u00e9clat hivernal instantan\u00e9 !<\/p>\n","protected":false},"excerpt":{"rendered":"<p>Lorsque l&rsquo;on examine les types de peau, il est important de se rappeler qu&rsquo;il existe des facteurs g\u00e9n\u00e9tiques intrins\u00e8ques et des facteurs extrins\u00e8ques li\u00e9s au mode de vie qui jouent un r\u00f4le dans l&rsquo;\u00e9tat de notre peau.<\/p>\n","protected":false},"author":2,"featured_media":4342,"comment_status":"open","ping_status":"closed","sticky":false,"template":"","format":"standard","meta":{"mc4wp_mailchimp_campaign":[],"footnotes":""},"categories":[214],"tags":[],"class_list":["post-4343","post","type-post","status-publish","format-standard","has-post-thumbnail","hentry","category-saviez-vous"],"yoast_head":"<!-- This site is optimized with the Yoast SEO plugin v27.4 - https:\/\/yoast.com\/product\/yoast-seo-wordpress\/ -->\n<title>Peau S\u00e8che vs. Peau D\u00e9hydrat\u00e9e | Nelly De Vuyst\u00ae Skin Care<\/title>\n<meta name=\"description\" content=\"Lorsque l&#039;on examine les types de peau, il est important de se rappeler qu&#039;il existe des facteurs g\u00e9n\u00e9tiques intrins\u00e8ques et des facteurs extrins\u00e8ques li\u00e9s au mode de vie qui jouent un r\u00f4le dans l&#039;\u00e9tat de notre peau.\" \/>\n<meta name=\"robots\" content=\"index, follow, max-snippet:-1, max-image-preview:large, max-video-preview:-1\" \/>\n<link rel=\"canonical\" href=\"https:\/\/nellydevuyst.com\/fr\/peau-seche-peau-dehydratee\/\" \/>\n<meta property=\"og:locale\" content=\"fr_FR\" \/>\n<meta property=\"og:type\" content=\"article\" \/>\n<meta property=\"og:title\" content=\"Peau S\u00e8che vs. Peau D\u00e9hydrat\u00e9e | Nelly De Vuyst\u00ae Skin Care\" \/>\n<meta property=\"og:description\" content=\"Lorsque l&#039;on examine les types de peau, il est important de se rappeler qu&#039;il existe des facteurs g\u00e9n\u00e9tiques intrins\u00e8ques et des facteurs extrins\u00e8ques li\u00e9s au mode de vie qui jouent un r\u00f4le dans l&#039;\u00e9tat de notre peau.\" \/>\n<meta property=\"og:url\" content=\"https:\/\/nellydevuyst.com\/fr\/peau-seche-peau-dehydratee\/\" \/>\n<meta property=\"og:site_name\" content=\"Nelly De Vuyst\u00ae Skin Care\" \/>\n<meta property=\"article:publisher\" content=\"https:\/\/www.facebook.com\/NellyDeVuystSkincare\/\" \/>\n<meta property=\"article:published_time\" content=\"2021-02-12T17:02:20+00:00\" \/>\n<meta property=\"article:modified_time\" content=\"2023-12-11T20:50:08+00:00\" \/>\n<meta property=\"og:image\" content=\"https:\/\/nellydevuyst.com\/wp-content\/uploads\/2021\/02\/Dry-vs.-Dehydrated-Skin.jpg\" \/>\n\t<meta property=\"og:image:width\" content=\"1000\" \/>\n\t<meta property=\"og:image:height\" content=\"625\" \/>\n\t<meta property=\"og:image:type\" content=\"image\/jpeg\" \/>\n<meta name=\"author\" content=\"admin\" \/>\n<meta name=\"twitter:card\" content=\"summary_large_image\" \/>\n<script type=\"application\/ld+json\" class=\"yoast-schema-graph\">{\"@context\":\"https:\\\/\\\/schema.org\",\"@graph\":[{\"@type\":[\"Article\",\"BlogPosting\"],\"@id\":\"https:\\\/\\\/nellydevuyst.com\\\/fr\\\/peau-seche-peau-dehydratee\\\/#article\",\"isPartOf\":{\"@id\":\"https:\\\/\\\/nellydevuyst.com\\\/fr\\\/peau-seche-peau-dehydratee\\\/\"},\"author\":{\"name\":\"admin\",\"@id\":\"https:\\\/\\\/nellydevuyst.com\\\/fr\\\/#\\\/schema\\\/person\\\/cc5557ed74e01b524e40dc6321d04edc\"},\"headline\":\"Peau S\u00e8che vs. Peau D\u00e9hydrat\u00e9e\",\"datePublished\":\"2021-02-12T17:02:20+00:00\",\"dateModified\":\"2023-12-11T20:50:08+00:00\",\"mainEntityOfPage\":{\"@id\":\"https:\\\/\\\/nellydevuyst.com\\\/fr\\\/peau-seche-peau-dehydratee\\\/\"},\"wordCount\":458,\"commentCount\":0,\"publisher\":{\"@id\":\"https:\\\/\\\/nellydevuyst.com\\\/fr\\\/#organization\"},\"image\":{\"@id\":\"https:\\\/\\\/nellydevuyst.com\\\/fr\\\/peau-seche-peau-dehydratee\\\/#primaryimage\"},\"thumbnailUrl\":\"https:\\\/\\\/nellydevuyst.com\\\/wp-content\\\/uploads\\\/2021\\\/02\\\/Dry-vs.-Dehydrated-Skin.jpg\",\"articleSection\":[\"Saviez-vous?\"],\"inLanguage\":\"fr-FR\",\"potentialAction\":[{\"@type\":\"CommentAction\",\"name\":\"Comment\",\"target\":[\"https:\\\/\\\/nellydevuyst.com\\\/fr\\\/peau-seche-peau-dehydratee\\\/#respond\"]}]},{\"@type\":\"WebPage\",\"@id\":\"https:\\\/\\\/nellydevuyst.com\\\/fr\\\/peau-seche-peau-dehydratee\\\/\",\"url\":\"https:\\\/\\\/nellydevuyst.com\\\/fr\\\/peau-seche-peau-dehydratee\\\/\",\"name\":\"Peau S\u00e8che vs. Peau D\u00e9hydrat\u00e9e | Nelly De Vuyst\u00ae Skin Care\",\"isPartOf\":{\"@id\":\"https:\\\/\\\/nellydevuyst.com\\\/fr\\\/#website\"},\"primaryImageOfPage\":{\"@id\":\"https:\\\/\\\/nellydevuyst.com\\\/fr\\\/peau-seche-peau-dehydratee\\\/#primaryimage\"},\"image\":{\"@id\":\"https:\\\/\\\/nellydevuyst.com\\\/fr\\\/peau-seche-peau-dehydratee\\\/#primaryimage\"},\"thumbnailUrl\":\"https:\\\/\\\/nellydevuyst.com\\\/wp-content\\\/uploads\\\/2021\\\/02\\\/Dry-vs.-Dehydrated-Skin.jpg\",\"datePublished\":\"2021-02-12T17:02:20+00:00\",\"dateModified\":\"2023-12-11T20:50:08+00:00\",\"description\":\"Lorsque l'on examine les types de peau, il est important de se rappeler qu'il existe des facteurs g\u00e9n\u00e9tiques intrins\u00e8ques et des facteurs extrins\u00e8ques li\u00e9s au mode de vie qui jouent un r\u00f4le dans l'\u00e9tat de notre peau.\",\"breadcrumb\":{\"@id\":\"https:\\\/\\\/nellydevuyst.com\\\/fr\\\/peau-seche-peau-dehydratee\\\/#breadcrumb\"},\"inLanguage\":\"fr-FR\",\"potentialAction\":[{\"@type\":\"ReadAction\",\"target\":[\"https:\\\/\\\/nellydevuyst.com\\\/fr\\\/peau-seche-peau-dehydratee\\\/\"]}]},{\"@type\":\"ImageObject\",\"inLanguage\":\"fr-FR\",\"@id\":\"https:\\\/\\\/nellydevuyst.com\\\/fr\\\/peau-seche-peau-dehydratee\\\/#primaryimage\",\"url\":\"https:\\\/\\\/nellydevuyst.com\\\/wp-content\\\/uploads\\\/2021\\\/02\\\/Dry-vs.-Dehydrated-Skin.jpg\",\"contentUrl\":\"https:\\\/\\\/nellydevuyst.com\\\/wp-content\\\/uploads\\\/2021\\\/02\\\/Dry-vs.-Dehydrated-Skin.jpg\",\"width\":1000,\"height\":625,\"caption\":\"Peau S\u00e8che vs. Peau D\u00e9hydrat\u00e9e\"},{\"@type\":\"BreadcrumbList\",\"@id\":\"https:\\\/\\\/nellydevuyst.com\\\/fr\\\/peau-seche-peau-dehydratee\\\/#breadcrumb\",\"itemListElement\":[{\"@type\":\"ListItem\",\"position\":1,\"name\":\"Home\",\"item\":\"https:\\\/\\\/nellydevuyst.com\\\/fr\\\/\"},{\"@type\":\"ListItem\",\"position\":2,\"name\":\"Peau S\u00e8che vs. Peau D\u00e9hydrat\u00e9e\"}]},{\"@type\":\"WebSite\",\"@id\":\"https:\\\/\\\/nellydevuyst.com\\\/fr\\\/#website\",\"url\":\"https:\\\/\\\/nellydevuyst.com\\\/fr\\\/\",\"name\":\"Nelly De Vuyst\u00ae Skin Care\",\"description\":\"The Best of Science and Nature\",\"publisher\":{\"@id\":\"https:\\\/\\\/nellydevuyst.com\\\/fr\\\/#organization\"},\"alternateName\":\"NDV Skin Care\",\"potentialAction\":[{\"@type\":\"SearchAction\",\"target\":{\"@type\":\"EntryPoint\",\"urlTemplate\":\"https:\\\/\\\/nellydevuyst.com\\\/fr\\\/?s={search_term_string}\"},\"query-input\":{\"@type\":\"PropertyValueSpecification\",\"valueRequired\":true,\"valueName\":\"search_term_string\"}}],\"inLanguage\":\"fr-FR\"},{\"@type\":\"Organization\",\"@id\":\"https:\\\/\\\/nellydevuyst.com\\\/fr\\\/#organization\",\"name\":\"Nelly De Vuyst Skin Care\",\"alternateName\":\"NDV Skin Care\",\"url\":\"https:\\\/\\\/nellydevuyst.com\\\/fr\\\/\",\"logo\":{\"@type\":\"ImageObject\",\"inLanguage\":\"fr-FR\",\"@id\":\"https:\\\/\\\/nellydevuyst.com\\\/fr\\\/#\\\/schema\\\/logo\\\/image\\\/\",\"url\":\"https:\\\/\\\/nellydevuyst.com\\\/wp-content\\\/uploads\\\/2024\\\/01\\\/ndv-logo-favico.png\",\"contentUrl\":\"https:\\\/\\\/nellydevuyst.com\\\/wp-content\\\/uploads\\\/2024\\\/01\\\/ndv-logo-favico.png\",\"width\":512,\"height\":512,\"caption\":\"Nelly De Vuyst Skin Care\"},\"image\":{\"@id\":\"https:\\\/\\\/nellydevuyst.com\\\/fr\\\/#\\\/schema\\\/logo\\\/image\\\/\"},\"sameAs\":[\"https:\\\/\\\/www.facebook.com\\\/NellyDeVuystSkincare\\\/\",\"https:\\\/\\\/www.instagram.com\\\/nelly_devuyst\\\/\",\"https:\\\/\\\/www.youtube.com\\\/user\\\/derme8282\",\"https:\\\/\\\/www.tiktok.com\\\/@nellydevuyst\",\"https:\\\/\\\/www.pinterest.com.mx\\\/nellydevuystskincare\\\/\"]},{\"@type\":\"Person\",\"@id\":\"https:\\\/\\\/nellydevuyst.com\\\/fr\\\/#\\\/schema\\\/person\\\/cc5557ed74e01b524e40dc6321d04edc\",\"name\":\"admin\",\"image\":{\"@type\":\"ImageObject\",\"inLanguage\":\"fr-FR\",\"@id\":\"https:\\\/\\\/secure.gravatar.com\\\/avatar\\\/0e4a03b667829c660ab7bf579ca643d10968191a4cf38db961288c2d5a274279?s=96&d=mm&r=g\",\"url\":\"https:\\\/\\\/secure.gravatar.com\\\/avatar\\\/0e4a03b667829c660ab7bf579ca643d10968191a4cf38db961288c2d5a274279?s=96&d=mm&r=g\",\"contentUrl\":\"https:\\\/\\\/secure.gravatar.com\\\/avatar\\\/0e4a03b667829c660ab7bf579ca643d10968191a4cf38db961288c2d5a274279?s=96&d=mm&r=g\",\"caption\":\"admin\"},\"sameAs\":[\"http:\\\/\\\/www.dermeco.com\"]}]}<\/script>\n<!-- \/ Yoast SEO plugin. -->","yoast_head_json":{"title":"Peau S\u00e8che vs. Peau D\u00e9hydrat\u00e9e | Nelly De Vuyst\u00ae Skin Care","description":"Lorsque l'on examine les types de peau, il est important de se rappeler qu'il existe des facteurs g\u00e9n\u00e9tiques intrins\u00e8ques et des facteurs extrins\u00e8ques li\u00e9s au mode de vie qui jouent un r\u00f4le dans l'\u00e9tat de notre peau.","robots":{"index":"index","follow":"follow","max-snippet":"max-snippet:-1","max-image-preview":"max-image-preview:large","max-video-preview":"max-video-preview:-1"},"canonical":"https:\/\/nellydevuyst.com\/fr\/peau-seche-peau-dehydratee\/","og_locale":"fr_FR","og_type":"article","og_title":"Peau S\u00e8che vs. Peau D\u00e9hydrat\u00e9e | Nelly De Vuyst\u00ae Skin Care","og_description":"Lorsque l'on examine les types de peau, il est important de se rappeler qu'il existe des facteurs g\u00e9n\u00e9tiques intrins\u00e8ques et des facteurs extrins\u00e8ques li\u00e9s au mode de vie qui jouent un r\u00f4le dans l'\u00e9tat de notre peau.","og_url":"https:\/\/nellydevuyst.com\/fr\/peau-seche-peau-dehydratee\/","og_site_name":"Nelly De Vuyst\u00ae Skin Care","article_publisher":"https:\/\/www.facebook.com\/NellyDeVuystSkincare\/","article_published_time":"2021-02-12T17:02:20+00:00","article_modified_time":"2023-12-11T20:50:08+00:00","og_image":[{"width":1000,"height":625,"url":"https:\/\/nellydevuyst.com\/wp-content\/uploads\/2021\/02\/Dry-vs.-Dehydrated-Skin.jpg","type":"image\/jpeg"}],"author":"admin","twitter_card":"summary_large_image","schema":{"@context":"https:\/\/schema.org","@graph":[{"@type":["Article","BlogPosting"],"@id":"https:\/\/nellydevuyst.com\/fr\/peau-seche-peau-dehydratee\/#article","isPartOf":{"@id":"https:\/\/nellydevuyst.com\/fr\/peau-seche-peau-dehydratee\/"},"author":{"name":"admin","@id":"https:\/\/nellydevuyst.com\/fr\/#\/schema\/person\/cc5557ed74e01b524e40dc6321d04edc"},"headline":"Peau S\u00e8che vs. Peau D\u00e9hydrat\u00e9e","datePublished":"2021-02-12T17:02:20+00:00","dateModified":"2023-12-11T20:50:08+00:00","mainEntityOfPage":{"@id":"https:\/\/nellydevuyst.com\/fr\/peau-seche-peau-dehydratee\/"},"wordCount":458,"commentCount":0,"publisher":{"@id":"https:\/\/nellydevuyst.com\/fr\/#organization"},"image":{"@id":"https:\/\/nellydevuyst.com\/fr\/peau-seche-peau-dehydratee\/#primaryimage"},"thumbnailUrl":"https:\/\/nellydevuyst.com\/wp-content\/uploads\/2021\/02\/Dry-vs.-Dehydrated-Skin.jpg","articleSection":["Saviez-vous?"],"inLanguage":"fr-FR","potentialAction":[{"@type":"CommentAction","name":"Comment","target":["https:\/\/nellydevuyst.com\/fr\/peau-seche-peau-dehydratee\/#respond"]}]},{"@type":"WebPage","@id":"https:\/\/nellydevuyst.com\/fr\/peau-seche-peau-dehydratee\/","url":"https:\/\/nellydevuyst.com\/fr\/peau-seche-peau-dehydratee\/","name":"Peau S\u00e8che vs. Peau D\u00e9hydrat\u00e9e | Nelly De Vuyst\u00ae Skin Care","isPartOf":{"@id":"https:\/\/nellydevuyst.com\/fr\/#website"},"primaryImageOfPage":{"@id":"https:\/\/nellydevuyst.com\/fr\/peau-seche-peau-dehydratee\/#primaryimage"},"image":{"@id":"https:\/\/nellydevuyst.com\/fr\/peau-seche-peau-dehydratee\/#primaryimage"},"thumbnailUrl":"https:\/\/nellydevuyst.com\/wp-content\/uploads\/2021\/02\/Dry-vs.-Dehydrated-Skin.jpg","datePublished":"2021-02-12T17:02:20+00:00","dateModified":"2023-12-11T20:50:08+00:00","description":"Lorsque l'on examine les types de peau, il est important de se rappeler qu'il existe des facteurs g\u00e9n\u00e9tiques intrins\u00e8ques et des facteurs extrins\u00e8ques li\u00e9s au mode de vie qui jouent un r\u00f4le dans l'\u00e9tat de notre peau.","breadcrumb":{"@id":"https:\/\/nellydevuyst.com\/fr\/peau-seche-peau-dehydratee\/#breadcrumb"},"inLanguage":"fr-FR","potentialAction":[{"@type":"ReadAction","target":["https:\/\/nellydevuyst.com\/fr\/peau-seche-peau-dehydratee\/"]}]},{"@type":"ImageObject","inLanguage":"fr-FR","@id":"https:\/\/nellydevuyst.com\/fr\/peau-seche-peau-dehydratee\/#primaryimage","url":"https:\/\/nellydevuyst.com\/wp-content\/uploads\/2021\/02\/Dry-vs.-Dehydrated-Skin.jpg","contentUrl":"https:\/\/nellydevuyst.com\/wp-content\/uploads\/2021\/02\/Dry-vs.-Dehydrated-Skin.jpg","width":1000,"height":625,"caption":"Peau S\u00e8che vs. Peau D\u00e9hydrat\u00e9e"},{"@type":"BreadcrumbList","@id":"https:\/\/nellydevuyst.com\/fr\/peau-seche-peau-dehydratee\/#breadcrumb","itemListElement":[{"@type":"ListItem","position":1,"name":"Home","item":"https:\/\/nellydevuyst.com\/fr\/"},{"@type":"ListItem","position":2,"name":"Peau S\u00e8che vs. Peau D\u00e9hydrat\u00e9e"}]},{"@type":"WebSite","@id":"https:\/\/nellydevuyst.com\/fr\/#website","url":"https:\/\/nellydevuyst.com\/fr\/","name":"Nelly De Vuyst\u00ae Skin Care","description":"The Best of Science and Nature","publisher":{"@id":"https:\/\/nellydevuyst.com\/fr\/#organization"},"alternateName":"NDV Skin Care","potentialAction":[{"@type":"SearchAction","target":{"@type":"EntryPoint","urlTemplate":"https:\/\/nellydevuyst.com\/fr\/?s={search_term_string}"},"query-input":{"@type":"PropertyValueSpecification","valueRequired":true,"valueName":"search_term_string"}}],"inLanguage":"fr-FR"},{"@type":"Organization","@id":"https:\/\/nellydevuyst.com\/fr\/#organization","name":"Nelly De Vuyst Skin Care","alternateName":"NDV Skin Care","url":"https:\/\/nellydevuyst.com\/fr\/","logo":{"@type":"ImageObject","inLanguage":"fr-FR","@id":"https:\/\/nellydevuyst.com\/fr\/#\/schema\/logo\/image\/","url":"https:\/\/nellydevuyst.com\/wp-content\/uploads\/2024\/01\/ndv-logo-favico.png","contentUrl":"https:\/\/nellydevuyst.com\/wp-content\/uploads\/2024\/01\/ndv-logo-favico.png","width":512,"height":512,"caption":"Nelly De Vuyst Skin Care"},"image":{"@id":"https:\/\/nellydevuyst.com\/fr\/#\/schema\/logo\/image\/"},"sameAs":["https:\/\/www.facebook.com\/NellyDeVuystSkincare\/","https:\/\/www.instagram.com\/nelly_devuyst\/","https:\/\/www.youtube.com\/user\/derme8282","https:\/\/www.tiktok.com\/@nellydevuyst","https:\/\/www.pinterest.com.mx\/nellydevuystskincare\/"]},{"@type":"Person","@id":"https:\/\/nellydevuyst.com\/fr\/#\/schema\/person\/cc5557ed74e01b524e40dc6321d04edc","name":"admin","image":{"@type":"ImageObject","inLanguage":"fr-FR","@id":"https:\/\/secure.gravatar.com\/avatar\/0e4a03b667829c660ab7bf579ca643d10968191a4cf38db961288c2d5a274279?s=96&d=mm&r=g","url":"https:\/\/secure.gravatar.com\/avatar\/0e4a03b667829c660ab7bf579ca643d10968191a4cf38db961288c2d5a274279?s=96&d=mm&r=g","contentUrl":"https:\/\/secure.gravatar.com\/avatar\/0e4a03b667829c660ab7bf579ca643d10968191a4cf38db961288c2d5a274279?s=96&d=mm&r=g","caption":"admin"},"sameAs":["http:\/\/www.dermeco.com"]}]}},"_links":{"self":[{"href":"https:\/\/nellydevuyst.com\/fr\/wp-json\/wp\/v2\/posts\/4343","targetHints":{"allow":["GET"]}}],"collection":[{"href":"https:\/\/nellydevuyst.com\/fr\/wp-json\/wp\/v2\/posts"}],"about":[{"href":"https:\/\/nellydevuyst.com\/fr\/wp-json\/wp\/v2\/types\/post"}],"author":[{"embeddable":true,"href":"https:\/\/nellydevuyst.com\/fr\/wp-json\/wp\/v2\/users\/2"}],"replies":[{"embeddable":true,"href":"https:\/\/nellydevuyst.com\/fr\/wp-json\/wp\/v2\/comments?post=4343"}],"version-history":[{"count":0,"href":"https:\/\/nellydevuyst.com\/fr\/wp-json\/wp\/v2\/posts\/4343\/revisions"}],"wp:featuredmedia":[{"embeddable":true,"href":"https:\/\/nellydevuyst.com\/fr\/wp-json\/wp\/v2\/media\/4342"}],"wp:attachment":[{"href":"https:\/\/nellydevuyst.com\/fr\/wp-json\/wp\/v2\/media?parent=4343"}],"wp:term":[{"taxonomy":"category","embeddable":true,"href":"https:\/\/nellydevuyst.com\/fr\/wp-json\/wp\/v2\/categories?post=4343"},{"taxonomy":"post_tag","embeddable":true,"href":"https:\/\/nellydevuyst.com\/fr\/wp-json\/wp\/v2\/tags?post=4343"}],"curies":[{"name":"wp","href":"https:\/\/api.w.org\/{rel}","templated":true}]}}