{"id":5128,"date":"2021-07-14T10:07:14","date_gmt":"2021-07-14T14:07:14","guid":{"rendered":"https:\/\/nellydevuyst.com\/summer-skincare-essentials\/"},"modified":"2024-11-18T07:47:35","modified_gmt":"2024-11-18T12:47:35","slug":"les_soins_essentiels_de_la_peau_en_ete","status":"publish","type":"post","link":"https:\/\/nellydevuyst.com\/fr\/les_soins_essentiels_de_la_peau_en_ete\/","title":{"rendered":"Les soins essentiels de la peau en \u00e9t\u00e9"},"content":{"rendered":"\r\n<p>Dans le blog d&rsquo;aujourd&rsquo;hui, nous allons nous int\u00e9resser aux besoins de notre peau pendant l&rsquo;\u00e9t\u00e9. Que vous soyez dans un climat humide ou plus sec, Nelly De Vuyst<sup>\u00ae<\/sup> Bio|Science vous propose des formules ultra-performantes qui procurent une sensation de bien-\u00eatre et des r\u00e9sultats durables. Dans cet article, nous vous pr\u00e9sentons nos conseils de pro de l&rsquo;\u00e9t\u00e9 ainsi que nos formules fonctionnelles pr\u00e9f\u00e9r\u00e9es qui sont parfaitement adapt\u00e9es au temps plus chaud.\u00a0<\/p>\r\n<p>Selon le climat o\u00f9 nous vivons, les besoins de notre peau changent tout au long de l&rsquo;ann\u00e9e et varient en fonction de notre type de peau. Pendant l&rsquo;\u00e9t\u00e9, notre peau compense le climat chaud humide ou chaud sec en produisant plus de s\u00e9bum. En m\u00eame temps que notre peau devient plus grasse, nous pouvons \u00e9galement remarquer que les com\u00e9dons et les pouss\u00e9es d&rsquo;acn\u00e9 sont plus fr\u00e9quents, en particulier dans les r\u00e9gions \u00e0 forte humidit\u00e9. Si votre climat est aride, les sympt\u00f4mes de la peau s\u00e8che peuvent s&rsquo;aggraver en \u00e9t\u00e9 malgr\u00e9 l&rsquo;augmentation de la production de s\u00e9bum. Les textures et les huiles plus riches peuvent fournir une hydratation durable aux types de peau s\u00e8che et sont extr\u00eamement b\u00e9n\u00e9fiques pour maintenir des niveaux optimaux d&rsquo;hydratation dans la peau.<\/p>\r\n<p>Les textures, les actifs et <a href=\"https:\/\/nellydevuyst.com\/fr\/le-layering\/\">les \u00e9tapes d&rsquo;application de nos routines<\/a> de soins de la peau peuvent devoir \u00eatre adapt\u00e9s pendant l&rsquo;\u00e9t\u00e9 en fonction des besoins de votre peau. C&rsquo;est \u00e9galement le moment id\u00e9al de l&rsquo;ann\u00e9e pour simplifier notre routine et choisir des formules offrant de multiples avantages afin de gagner du temps et de l&rsquo;argent sans sacrifier les r\u00e9sultats. Si vous avez remarqu\u00e9 que votre peau a atteint un plateau, qu&rsquo;elle ne s&rsquo;est pas am\u00e9lior\u00e9e, ou si vous utilisez la m\u00eame routine depuis plus de 6 mois, il est peut-\u00eatre temps de changer de produits et d&rsquo;adopter une approche plus globale de vos objectifs en mati\u00e8re de soins de la peau.<\/p>\r\n<p>Voici deux produits essentiels pour les soins de la peau en \u00e9t\u00e9 qui sont simples et ax\u00e9s sur les r\u00e9sultats.<\/p>\r\n<h2>Si vous avez une peau plus grasse ou si vous avez des \u00e9ruptions cutan\u00e9es, optez pour des produits aux textures plus l\u00e9g\u00e8res et aux actifs cibl\u00e9s pour traiter et r\u00e9\u00e9quilibrer votre peau.<\/h2>\r\n<ol>\r\n<li><a href=\"\/fr\/produit\/lotion-moussante-peaux-sensibles\/\" rel=\"noopener\"><strong>Lotion Moussante Peaux Sensibles<\/strong><\/a> est une mousse ultra-l\u00e9g\u00e8re qui nettoie en profondeur tout en respectant le pH de la peau. Elle va progressivement aider \u00e0 dissoudre les com\u00e9dons et exfolier la peau en douceur. Nettoyer matin et soir pour de meilleurs r\u00e9sultats.<\/li>\r\n<li>Le <a href=\"\/fr\/produit\/tonique-peaux-sensibles\/\" rel=\"noopener\"><strong>Tonique Peaux Sensibles<\/strong><\/a> est une formule \u00e9quilibrant le pH qui contient de l&rsquo;hamam\u00e9lis, de la lavande et de la rose. Utilis\u00e9 quotidiennement apr\u00e8s le nettoyage, il peut pr\u00e9venir et aider \u00e0 contr\u00f4ler les pouss\u00e9es d&rsquo;acn\u00e9. Utilisez un tonique pour la peau sensible imm\u00e9diatement apr\u00e8s le nettoyage pour pr\u00e9venir les \u00e9ruptions cutan\u00e9es. Il peut \u00eatre utilis\u00e9 comme spray de maquillage et pour rafra\u00eechir la peau selon les besoins de la journ\u00e9e.<\/li>\r\n<li>Un produit essentiel pour l&rsquo;\u00e9t\u00e9, comme le <a href=\"\/fr\/produit\/serum-vitalift-c-ha\/\" rel=\"noopener\"><strong>S\u00e9rum VitaLift-C HA<\/strong><\/a>, est riche en actifs anti-\u00e2ge qui aident \u00e0 mieux prot\u00e9ger notre peau des dommages caus\u00e9s par les UVA et les UVB. Appliqu\u00e9 le matin sous un \u00e9cran solaire, il fournit \u00e0 la peau une dose optimale de vitamine C microencapsul\u00e9e et d&rsquo;acide hyaluronique fractionn\u00e9.<\/li>\r\n<\/ol>\r\n<h2>Si votre peau est plus s\u00e8che, choisissez des formules plus riches qui aident \u00e0 r\u00e9duire la perte d&rsquo;eau trans\u00e9pidermique (PTE) et \u00e0 fixer l&rsquo;hydratation essentielle. Les \u00e9tapes suivantes sont recommand\u00e9es matin et soir.<\/h2>\r\n<ol>\r\n<li><a href=\"\/fr\/produit\/lait-nettoyant-matrix-cellulaire\/\" rel=\"noopener\"><strong>Lait nettoyant Matrix-Cellulaire<\/strong><\/a>: ce nettoyant r\u00e9parateur oxyg\u00e8ne la peau tout en lui apportant des actifs nourrissants et peut \u00e9galement \u00eatre utilis\u00e9 sur le contour des yeux.<\/li>\r\n<li><strong><a href=\"\/fr\/produit\/lotion-apaisante\/\" rel=\"noopener\">Lotion apaisante<\/a><\/strong>: Cette essence anti-inflammatoire r\u00e9duit instantan\u00e9ment l&rsquo;inconfort, les d\u00e9mangeaisons et les sensations de tiraillement associ\u00e9s aux types de peau s\u00e8che et aux climats arides.<\/li>\r\n<li>La Cr\u00e8me et l&rsquo;Huile Radiance sont des m\u00e9langes synergiques d&rsquo;actifs \u00e9claircissants et de lipides nourrissants. La <a href=\"\/fr\/produit\/creme-radiance\/\" rel=\"noopener\"><strong>Cr\u00e8me Radiance<\/strong><\/a> est id\u00e9ale pendant la journ\u00e9e pour am\u00e9liorer les d\u00e9colorations et peut \u00eatre appliqu\u00e9e sous un \u00e9cran solaire pour une hydratation optimale qui dure toute la journ\u00e9e. L&rsquo;<a href=\"\/fr\/produit\/huile-radiance\/\" rel=\"noopener\"><strong>Huile<\/strong> <strong>Radiance<\/strong><\/a> est riche en huile d&rsquo;onagre, m\u00e9latonine et glycog\u00e8ne qui nourrit et revitalise instantan\u00e9ment votre peau pendant votre sommeil.<\/li>\r\n<\/ol>\r\n<p>Notre <a href=\"https:\/\/nellydevuyst.com\/fr\/categorie-produit\/collections-fr\/collection-biosolar\/\">collection BioSolar<\/a>&lsquo;s <a href=\"https:\/\/nellydevuyst.com\/fr\/produit\/colorlift-1-creme-solaire-teintee-fps-30-biosolar\/\">BioSolar ColorLift teint\u00e9e1 cr\u00e8me solair SPF 30<\/a>: Cette cr\u00e8me hydratante l\u00e9g\u00e8re convient \u00e0 tous les types de peau et contient des micro-pigments r\u00e9flecteurs de lumi\u00e8re pour un effet bonne mine instantan\u00e9 et un teint impeccable. Riche en ingr\u00e9dients repulpants et stimulants pour le collag\u00e8ne, BioSolar ColorLift aide \u00e0 minimiser l&rsquo;apparence des pores et des rides tout en assurant un effet lifting progressif. Cette formule SPF 30 riche en min\u00e9raux offre un haut niveau de protection contre les rayons UVA et UVB, la pollution urbaine et la lumi\u00e8re visible \u00e0 haute \u00e9nergie. La cr\u00e8me solaire teint\u00e9e Color Lift est disponible en trois teintes : <a href=\"https:\/\/nellydevuyst.com\/fr\/produit\/colorlift-1-creme-solaire-teintee-fps-30-biosolar\/\">Biosolar ColorLift 1<\/a>, <a href=\"https:\/\/nellydevuyst.com\/fr\/produit\/colorlift-2-creme-solaire-teintee-fps-30-biosolar\/\">Biosolar ColorLift 2<\/a> et <a href=\"https:\/\/nellydevuyst.com\/fr\/produit\/colorlift-3-creme-solaire-teintee-fps-30-biosolar\/\">Biosolar ColorLift 3<\/a> pour les peaux plus fonc\u00e9es.<\/p>\r\n<p>Pro-tip : L&rsquo;une des recommandations les plus importantes pour garder une peau heureuse et saine cet \u00e9t\u00e9 est d&rsquo;opter pour une exfoliation enzymatique hebdomadaire et de limiter l&rsquo;utilisation d&rsquo;exfoliants agressifs qui peuvent augmenter votre sensibilit\u00e9 au soleil. Nous adorons les bienfaits instantan\u00e9s de refroidissement et de rafra\u00eechissement du<a href=\"\/fr\/produit\/gel-exfoliant-peaux-sensibles\/\" rel=\"noopener\"><strong> Gel Exfoliant Peaux Sensibles<\/strong><\/a> pendant l&rsquo;\u00e9t\u00e9. Il s&rsquo;agit d&rsquo;une excellente formule fonctionnelle 2 en 1 pour le visage et peut \u00eatre appliqu\u00e9 sur le contour des yeux. Ses bienfaits exfoliants et d\u00e9congestionnants sont visibles d\u00e8s la premi\u00e8re application car il aide \u00e0 am\u00e9liorer la microcirculation de la peau en dissipant les cernes et la d\u00e9coloration.<\/p>\r\n<p class=\"lead\">Simplifiez et am\u00e9liorez votre routine de soins de la peau avec Nelly De Vuyst<sup>\u00ae<\/sup> et profitez de l&rsquo;\u00e9t\u00e9 avec une peau parfaitement prot\u00e9g\u00e9e.<\/p>\r\n","protected":false},"excerpt":{"rendered":"<p>Simplifiez et am\u00e9liorez votre routine de soins de la peau avec Nelly De Vuyst\u00ae et profitez de l&rsquo;\u00e9t\u00e9 avec une peau parfaitement prot\u00e9g\u00e9e.<\/p>\n","protected":false},"author":2,"featured_media":5127,"comment_status":"open","ping_status":"open","sticky":false,"template":"","format":"standard","meta":{"mc4wp_mailchimp_campaign":[],"footnotes":""},"categories":[171,216,548,217],"tags":[],"class_list":["post-5128","post","type-post","status-publish","format-standard","has-post-thumbnail","hentry","category-anti-age","category-produits","category-protection-solaire","category-soin-de-la-peau"],"yoast_head":"<!-- This site is optimized with the Yoast SEO plugin v27.4 - https:\/\/yoast.com\/product\/yoast-seo-wordpress\/ -->\n<title>Les soins essentiels de la peau en \u00e9t\u00e9 | Nelly De Vuyst\u00ae Skin Care<\/title>\n<meta name=\"description\" content=\"Simplifiez et am\u00e9liorez votre routine de soins de la peau avec Nelly De Vuyst\u00ae et profitez de l&#039;\u00e9t\u00e9 avec une peau parfaitement prot\u00e9g\u00e9e.\" \/>\n<meta name=\"robots\" content=\"index, follow, max-snippet:-1, max-image-preview:large, max-video-preview:-1\" \/>\n<link rel=\"canonical\" href=\"https:\/\/nellydevuyst.com\/fr\/les_soins_essentiels_de_la_peau_en_ete\/\" \/>\n<meta property=\"og:locale\" content=\"fr_FR\" \/>\n<meta property=\"og:type\" content=\"article\" \/>\n<meta property=\"og:title\" content=\"Les soins essentiels de la peau en \u00e9t\u00e9 | Nelly De Vuyst\u00ae Skin Care\" \/>\n<meta property=\"og:description\" content=\"Simplifiez et am\u00e9liorez votre routine de soins de la peau avec Nelly De Vuyst\u00ae et profitez de l&#039;\u00e9t\u00e9 avec une peau parfaitement prot\u00e9g\u00e9e.\" \/>\n<meta property=\"og:url\" content=\"https:\/\/nellydevuyst.com\/fr\/les_soins_essentiels_de_la_peau_en_ete\/\" \/>\n<meta property=\"og:site_name\" content=\"Nelly De Vuyst\u00ae Skin Care\" \/>\n<meta property=\"article:publisher\" content=\"https:\/\/www.facebook.com\/NellyDeVuystSkincare\/\" \/>\n<meta property=\"article:published_time\" content=\"2021-07-14T14:07:14+00:00\" \/>\n<meta property=\"article:modified_time\" content=\"2024-11-18T12:47:35+00:00\" \/>\n<meta property=\"og:image\" content=\"https:\/\/nellydevuyst.com\/wp-content\/uploads\/2021\/07\/summer_essentials.jpg\" \/>\n\t<meta property=\"og:image:width\" content=\"1200\" \/>\n\t<meta property=\"og:image:height\" content=\"652\" \/>\n\t<meta property=\"og:image:type\" content=\"image\/jpeg\" \/>\n<meta name=\"author\" content=\"admin\" \/>\n<meta name=\"twitter:card\" content=\"summary_large_image\" \/>\n<script type=\"application\/ld+json\" class=\"yoast-schema-graph\">{\"@context\":\"https:\\\/\\\/schema.org\",\"@graph\":[{\"@type\":[\"Article\",\"BlogPosting\"],\"@id\":\"https:\\\/\\\/nellydevuyst.com\\\/fr\\\/les_soins_essentiels_de_la_peau_en_ete\\\/#article\",\"isPartOf\":{\"@id\":\"https:\\\/\\\/nellydevuyst.com\\\/fr\\\/les_soins_essentiels_de_la_peau_en_ete\\\/\"},\"author\":{\"name\":\"admin\",\"@id\":\"https:\\\/\\\/nellydevuyst.com\\\/fr\\\/#\\\/schema\\\/person\\\/cc5557ed74e01b524e40dc6321d04edc\"},\"headline\":\"Les soins essentiels de la peau en \u00e9t\u00e9\",\"datePublished\":\"2021-07-14T14:07:14+00:00\",\"dateModified\":\"2024-11-18T12:47:35+00:00\",\"mainEntityOfPage\":{\"@id\":\"https:\\\/\\\/nellydevuyst.com\\\/fr\\\/les_soins_essentiels_de_la_peau_en_ete\\\/\"},\"wordCount\":1054,\"commentCount\":0,\"publisher\":{\"@id\":\"https:\\\/\\\/nellydevuyst.com\\\/fr\\\/#organization\"},\"image\":{\"@id\":\"https:\\\/\\\/nellydevuyst.com\\\/fr\\\/les_soins_essentiels_de_la_peau_en_ete\\\/#primaryimage\"},\"thumbnailUrl\":\"https:\\\/\\\/nellydevuyst.com\\\/wp-content\\\/uploads\\\/2021\\\/07\\\/summer_essentials.jpg\",\"articleSection\":[\"Anti-\u00c2ge\",\"Produits\",\"Protection Solaire\",\"Soins de la Peau\"],\"inLanguage\":\"fr-FR\",\"potentialAction\":[{\"@type\":\"CommentAction\",\"name\":\"Comment\",\"target\":[\"https:\\\/\\\/nellydevuyst.com\\\/fr\\\/les_soins_essentiels_de_la_peau_en_ete\\\/#respond\"]}]},{\"@type\":\"WebPage\",\"@id\":\"https:\\\/\\\/nellydevuyst.com\\\/fr\\\/les_soins_essentiels_de_la_peau_en_ete\\\/\",\"url\":\"https:\\\/\\\/nellydevuyst.com\\\/fr\\\/les_soins_essentiels_de_la_peau_en_ete\\\/\",\"name\":\"Les soins essentiels de la peau en \u00e9t\u00e9 | Nelly De Vuyst\u00ae Skin Care\",\"isPartOf\":{\"@id\":\"https:\\\/\\\/nellydevuyst.com\\\/fr\\\/#website\"},\"primaryImageOfPage\":{\"@id\":\"https:\\\/\\\/nellydevuyst.com\\\/fr\\\/les_soins_essentiels_de_la_peau_en_ete\\\/#primaryimage\"},\"image\":{\"@id\":\"https:\\\/\\\/nellydevuyst.com\\\/fr\\\/les_soins_essentiels_de_la_peau_en_ete\\\/#primaryimage\"},\"thumbnailUrl\":\"https:\\\/\\\/nellydevuyst.com\\\/wp-content\\\/uploads\\\/2021\\\/07\\\/summer_essentials.jpg\",\"datePublished\":\"2021-07-14T14:07:14+00:00\",\"dateModified\":\"2024-11-18T12:47:35+00:00\",\"description\":\"Simplifiez et am\u00e9liorez votre routine de soins de la peau avec Nelly De Vuyst\u00ae et profitez de l'\u00e9t\u00e9 avec une peau parfaitement prot\u00e9g\u00e9e.\",\"breadcrumb\":{\"@id\":\"https:\\\/\\\/nellydevuyst.com\\\/fr\\\/les_soins_essentiels_de_la_peau_en_ete\\\/#breadcrumb\"},\"inLanguage\":\"fr-FR\",\"potentialAction\":[{\"@type\":\"ReadAction\",\"target\":[\"https:\\\/\\\/nellydevuyst.com\\\/fr\\\/les_soins_essentiels_de_la_peau_en_ete\\\/\"]}]},{\"@type\":\"ImageObject\",\"inLanguage\":\"fr-FR\",\"@id\":\"https:\\\/\\\/nellydevuyst.com\\\/fr\\\/les_soins_essentiels_de_la_peau_en_ete\\\/#primaryimage\",\"url\":\"https:\\\/\\\/nellydevuyst.com\\\/wp-content\\\/uploads\\\/2021\\\/07\\\/summer_essentials.jpg\",\"contentUrl\":\"https:\\\/\\\/nellydevuyst.com\\\/wp-content\\\/uploads\\\/2021\\\/07\\\/summer_essentials.jpg\",\"width\":1200,\"height\":652,\"caption\":\"Les soins essentiels de la peau en \u00e9t\u00e9\"},{\"@type\":\"BreadcrumbList\",\"@id\":\"https:\\\/\\\/nellydevuyst.com\\\/fr\\\/les_soins_essentiels_de_la_peau_en_ete\\\/#breadcrumb\",\"itemListElement\":[{\"@type\":\"ListItem\",\"position\":1,\"name\":\"Home\",\"item\":\"https:\\\/\\\/nellydevuyst.com\\\/fr\\\/\"},{\"@type\":\"ListItem\",\"position\":2,\"name\":\"Les soins essentiels de la peau en \u00e9t\u00e9\"}]},{\"@type\":\"WebSite\",\"@id\":\"https:\\\/\\\/nellydevuyst.com\\\/fr\\\/#website\",\"url\":\"https:\\\/\\\/nellydevuyst.com\\\/fr\\\/\",\"name\":\"Nelly De Vuyst\u00ae Skin Care\",\"description\":\"The Best of Science and Nature\",\"publisher\":{\"@id\":\"https:\\\/\\\/nellydevuyst.com\\\/fr\\\/#organization\"},\"alternateName\":\"NDV Skin Care\",\"potentialAction\":[{\"@type\":\"SearchAction\",\"target\":{\"@type\":\"EntryPoint\",\"urlTemplate\":\"https:\\\/\\\/nellydevuyst.com\\\/fr\\\/?s={search_term_string}\"},\"query-input\":{\"@type\":\"PropertyValueSpecification\",\"valueRequired\":true,\"valueName\":\"search_term_string\"}}],\"inLanguage\":\"fr-FR\"},{\"@type\":\"Organization\",\"@id\":\"https:\\\/\\\/nellydevuyst.com\\\/fr\\\/#organization\",\"name\":\"Nelly De Vuyst Skin Care\",\"alternateName\":\"NDV Skin Care\",\"url\":\"https:\\\/\\\/nellydevuyst.com\\\/fr\\\/\",\"logo\":{\"@type\":\"ImageObject\",\"inLanguage\":\"fr-FR\",\"@id\":\"https:\\\/\\\/nellydevuyst.com\\\/fr\\\/#\\\/schema\\\/logo\\\/image\\\/\",\"url\":\"https:\\\/\\\/nellydevuyst.com\\\/wp-content\\\/uploads\\\/2024\\\/01\\\/ndv-logo-favico.png\",\"contentUrl\":\"https:\\\/\\\/nellydevuyst.com\\\/wp-content\\\/uploads\\\/2024\\\/01\\\/ndv-logo-favico.png\",\"width\":512,\"height\":512,\"caption\":\"Nelly De Vuyst Skin Care\"},\"image\":{\"@id\":\"https:\\\/\\\/nellydevuyst.com\\\/fr\\\/#\\\/schema\\\/logo\\\/image\\\/\"},\"sameAs\":[\"https:\\\/\\\/www.facebook.com\\\/NellyDeVuystSkincare\\\/\",\"https:\\\/\\\/www.instagram.com\\\/nelly_devuyst\\\/\",\"https:\\\/\\\/www.youtube.com\\\/user\\\/derme8282\",\"https:\\\/\\\/www.tiktok.com\\\/@nellydevuyst\",\"https:\\\/\\\/www.pinterest.com.mx\\\/nellydevuystskincare\\\/\"]},{\"@type\":\"Person\",\"@id\":\"https:\\\/\\\/nellydevuyst.com\\\/fr\\\/#\\\/schema\\\/person\\\/cc5557ed74e01b524e40dc6321d04edc\",\"name\":\"admin\",\"image\":{\"@type\":\"ImageObject\",\"inLanguage\":\"fr-FR\",\"@id\":\"https:\\\/\\\/secure.gravatar.com\\\/avatar\\\/0e4a03b667829c660ab7bf579ca643d10968191a4cf38db961288c2d5a274279?s=96&d=mm&r=g\",\"url\":\"https:\\\/\\\/secure.gravatar.com\\\/avatar\\\/0e4a03b667829c660ab7bf579ca643d10968191a4cf38db961288c2d5a274279?s=96&d=mm&r=g\",\"contentUrl\":\"https:\\\/\\\/secure.gravatar.com\\\/avatar\\\/0e4a03b667829c660ab7bf579ca643d10968191a4cf38db961288c2d5a274279?s=96&d=mm&r=g\",\"caption\":\"admin\"},\"sameAs\":[\"http:\\\/\\\/www.dermeco.com\"]}]}<\/script>\n<!-- \/ Yoast SEO plugin. -->","yoast_head_json":{"title":"Les soins essentiels de la peau en \u00e9t\u00e9 | Nelly De Vuyst\u00ae Skin Care","description":"Simplifiez et am\u00e9liorez votre routine de soins de la peau avec Nelly De Vuyst\u00ae et profitez de l'\u00e9t\u00e9 avec une peau parfaitement prot\u00e9g\u00e9e.","robots":{"index":"index","follow":"follow","max-snippet":"max-snippet:-1","max-image-preview":"max-image-preview:large","max-video-preview":"max-video-preview:-1"},"canonical":"https:\/\/nellydevuyst.com\/fr\/les_soins_essentiels_de_la_peau_en_ete\/","og_locale":"fr_FR","og_type":"article","og_title":"Les soins essentiels de la peau en \u00e9t\u00e9 | Nelly De Vuyst\u00ae Skin Care","og_description":"Simplifiez et am\u00e9liorez votre routine de soins de la peau avec Nelly De Vuyst\u00ae et profitez de l'\u00e9t\u00e9 avec une peau parfaitement prot\u00e9g\u00e9e.","og_url":"https:\/\/nellydevuyst.com\/fr\/les_soins_essentiels_de_la_peau_en_ete\/","og_site_name":"Nelly De Vuyst\u00ae Skin Care","article_publisher":"https:\/\/www.facebook.com\/NellyDeVuystSkincare\/","article_published_time":"2021-07-14T14:07:14+00:00","article_modified_time":"2024-11-18T12:47:35+00:00","og_image":[{"width":1200,"height":652,"url":"https:\/\/nellydevuyst.com\/wp-content\/uploads\/2021\/07\/summer_essentials.jpg","type":"image\/jpeg"}],"author":"admin","twitter_card":"summary_large_image","schema":{"@context":"https:\/\/schema.org","@graph":[{"@type":["Article","BlogPosting"],"@id":"https:\/\/nellydevuyst.com\/fr\/les_soins_essentiels_de_la_peau_en_ete\/#article","isPartOf":{"@id":"https:\/\/nellydevuyst.com\/fr\/les_soins_essentiels_de_la_peau_en_ete\/"},"author":{"name":"admin","@id":"https:\/\/nellydevuyst.com\/fr\/#\/schema\/person\/cc5557ed74e01b524e40dc6321d04edc"},"headline":"Les soins essentiels de la peau en \u00e9t\u00e9","datePublished":"2021-07-14T14:07:14+00:00","dateModified":"2024-11-18T12:47:35+00:00","mainEntityOfPage":{"@id":"https:\/\/nellydevuyst.com\/fr\/les_soins_essentiels_de_la_peau_en_ete\/"},"wordCount":1054,"commentCount":0,"publisher":{"@id":"https:\/\/nellydevuyst.com\/fr\/#organization"},"image":{"@id":"https:\/\/nellydevuyst.com\/fr\/les_soins_essentiels_de_la_peau_en_ete\/#primaryimage"},"thumbnailUrl":"https:\/\/nellydevuyst.com\/wp-content\/uploads\/2021\/07\/summer_essentials.jpg","articleSection":["Anti-\u00c2ge","Produits","Protection Solaire","Soins de la Peau"],"inLanguage":"fr-FR","potentialAction":[{"@type":"CommentAction","name":"Comment","target":["https:\/\/nellydevuyst.com\/fr\/les_soins_essentiels_de_la_peau_en_ete\/#respond"]}]},{"@type":"WebPage","@id":"https:\/\/nellydevuyst.com\/fr\/les_soins_essentiels_de_la_peau_en_ete\/","url":"https:\/\/nellydevuyst.com\/fr\/les_soins_essentiels_de_la_peau_en_ete\/","name":"Les soins essentiels de la peau en \u00e9t\u00e9 | Nelly De Vuyst\u00ae Skin Care","isPartOf":{"@id":"https:\/\/nellydevuyst.com\/fr\/#website"},"primaryImageOfPage":{"@id":"https:\/\/nellydevuyst.com\/fr\/les_soins_essentiels_de_la_peau_en_ete\/#primaryimage"},"image":{"@id":"https:\/\/nellydevuyst.com\/fr\/les_soins_essentiels_de_la_peau_en_ete\/#primaryimage"},"thumbnailUrl":"https:\/\/nellydevuyst.com\/wp-content\/uploads\/2021\/07\/summer_essentials.jpg","datePublished":"2021-07-14T14:07:14+00:00","dateModified":"2024-11-18T12:47:35+00:00","description":"Simplifiez et am\u00e9liorez votre routine de soins de la peau avec Nelly De Vuyst\u00ae et profitez de l'\u00e9t\u00e9 avec une peau parfaitement prot\u00e9g\u00e9e.","breadcrumb":{"@id":"https:\/\/nellydevuyst.com\/fr\/les_soins_essentiels_de_la_peau_en_ete\/#breadcrumb"},"inLanguage":"fr-FR","potentialAction":[{"@type":"ReadAction","target":["https:\/\/nellydevuyst.com\/fr\/les_soins_essentiels_de_la_peau_en_ete\/"]}]},{"@type":"ImageObject","inLanguage":"fr-FR","@id":"https:\/\/nellydevuyst.com\/fr\/les_soins_essentiels_de_la_peau_en_ete\/#primaryimage","url":"https:\/\/nellydevuyst.com\/wp-content\/uploads\/2021\/07\/summer_essentials.jpg","contentUrl":"https:\/\/nellydevuyst.com\/wp-content\/uploads\/2021\/07\/summer_essentials.jpg","width":1200,"height":652,"caption":"Les soins essentiels de la peau en \u00e9t\u00e9"},{"@type":"BreadcrumbList","@id":"https:\/\/nellydevuyst.com\/fr\/les_soins_essentiels_de_la_peau_en_ete\/#breadcrumb","itemListElement":[{"@type":"ListItem","position":1,"name":"Home","item":"https:\/\/nellydevuyst.com\/fr\/"},{"@type":"ListItem","position":2,"name":"Les soins essentiels de la peau en \u00e9t\u00e9"}]},{"@type":"WebSite","@id":"https:\/\/nellydevuyst.com\/fr\/#website","url":"https:\/\/nellydevuyst.com\/fr\/","name":"Nelly De Vuyst\u00ae Skin Care","description":"The Best of Science and Nature","publisher":{"@id":"https:\/\/nellydevuyst.com\/fr\/#organization"},"alternateName":"NDV Skin Care","potentialAction":[{"@type":"SearchAction","target":{"@type":"EntryPoint","urlTemplate":"https:\/\/nellydevuyst.com\/fr\/?s={search_term_string}"},"query-input":{"@type":"PropertyValueSpecification","valueRequired":true,"valueName":"search_term_string"}}],"inLanguage":"fr-FR"},{"@type":"Organization","@id":"https:\/\/nellydevuyst.com\/fr\/#organization","name":"Nelly De Vuyst Skin Care","alternateName":"NDV Skin Care","url":"https:\/\/nellydevuyst.com\/fr\/","logo":{"@type":"ImageObject","inLanguage":"fr-FR","@id":"https:\/\/nellydevuyst.com\/fr\/#\/schema\/logo\/image\/","url":"https:\/\/nellydevuyst.com\/wp-content\/uploads\/2024\/01\/ndv-logo-favico.png","contentUrl":"https:\/\/nellydevuyst.com\/wp-content\/uploads\/2024\/01\/ndv-logo-favico.png","width":512,"height":512,"caption":"Nelly De Vuyst Skin Care"},"image":{"@id":"https:\/\/nellydevuyst.com\/fr\/#\/schema\/logo\/image\/"},"sameAs":["https:\/\/www.facebook.com\/NellyDeVuystSkincare\/","https:\/\/www.instagram.com\/nelly_devuyst\/","https:\/\/www.youtube.com\/user\/derme8282","https:\/\/www.tiktok.com\/@nellydevuyst","https:\/\/www.pinterest.com.mx\/nellydevuystskincare\/"]},{"@type":"Person","@id":"https:\/\/nellydevuyst.com\/fr\/#\/schema\/person\/cc5557ed74e01b524e40dc6321d04edc","name":"admin","image":{"@type":"ImageObject","inLanguage":"fr-FR","@id":"https:\/\/secure.gravatar.com\/avatar\/0e4a03b667829c660ab7bf579ca643d10968191a4cf38db961288c2d5a274279?s=96&d=mm&r=g","url":"https:\/\/secure.gravatar.com\/avatar\/0e4a03b667829c660ab7bf579ca643d10968191a4cf38db961288c2d5a274279?s=96&d=mm&r=g","contentUrl":"https:\/\/secure.gravatar.com\/avatar\/0e4a03b667829c660ab7bf579ca643d10968191a4cf38db961288c2d5a274279?s=96&d=mm&r=g","caption":"admin"},"sameAs":["http:\/\/www.dermeco.com"]}]}},"_links":{"self":[{"href":"https:\/\/nellydevuyst.com\/fr\/wp-json\/wp\/v2\/posts\/5128","targetHints":{"allow":["GET"]}}],"collection":[{"href":"https:\/\/nellydevuyst.com\/fr\/wp-json\/wp\/v2\/posts"}],"about":[{"href":"https:\/\/nellydevuyst.com\/fr\/wp-json\/wp\/v2\/types\/post"}],"author":[{"embeddable":true,"href":"https:\/\/nellydevuyst.com\/fr\/wp-json\/wp\/v2\/users\/2"}],"replies":[{"embeddable":true,"href":"https:\/\/nellydevuyst.com\/fr\/wp-json\/wp\/v2\/comments?post=5128"}],"version-history":[{"count":0,"href":"https:\/\/nellydevuyst.com\/fr\/wp-json\/wp\/v2\/posts\/5128\/revisions"}],"wp:featuredmedia":[{"embeddable":true,"href":"https:\/\/nellydevuyst.com\/fr\/wp-json\/wp\/v2\/media\/5127"}],"wp:attachment":[{"href":"https:\/\/nellydevuyst.com\/fr\/wp-json\/wp\/v2\/media?parent=5128"}],"wp:term":[{"taxonomy":"category","embeddable":true,"href":"https:\/\/nellydevuyst.com\/fr\/wp-json\/wp\/v2\/categories?post=5128"},{"taxonomy":"post_tag","embeddable":true,"href":"https:\/\/nellydevuyst.com\/fr\/wp-json\/wp\/v2\/tags?post=5128"}],"curies":[{"name":"wp","href":"https:\/\/api.w.org\/{rel}","templated":true}]}}