{"id":205,"count":5,"description":"<h1 class=\"uppercase\" style=\"text-align: left\">Peau acn\u00e9ique<\/h1>\r\n<p style=\"text-align: left\">L'acn\u00e9 est une affection cutan\u00e9e courante combinant des cellules mortes et du s\u00e9bum en exc\u00e8s qui obstruent les pores et provoquent des boutons, des papules et des points noirs. L'inflammation et la cicatrisation peuvent \u00e9galement \u00eatre pr\u00e9sentes. Contr\u00f4lez, pr\u00e9venez et retrouvez une peau nette avec les soins Nelly De Vuyst\u00ae.<\/p>","link":"https:\/\/nellydevuyst.com\/fr\/categorie-produit\/preoccupations-cutanees\/peau-acneique\/","name":"Peau acn\u00e9ique","slug":"peau-acneique","taxonomy":"product_cat","parent":182,"meta":[],"menu_order":28,"yoast_head":"<!-- This site is optimized with the Yoast SEO plugin v27.4 - https:\/\/yoast.com\/product\/yoast-seo-wordpress\/ -->\n<title>Peau acn\u00e9ique | Nelly De Vuyst\u00ae Skin Care<\/title>\n<meta name=\"description\" content=\"L&#039;acn\u00e9 est une affection cutan\u00e9e courante combinant des cellules mortes et du s\u00e9bum en exc\u00e8s qui obstruent les pores et provoquent des boutons, des papules et des points noirs. L&#039;inflammation et la cicatrisation peuvent \u00e9galement \u00eatre pr\u00e9sentes. Contr\u00f4lez, pr\u00e9venez et retrouvez une peau nette avec les soins Nelly De Vuyst\u00ae.\" \/>\n<meta name=\"robots\" content=\"index, follow, max-snippet:-1, max-image-preview:large, max-video-preview:-1\" \/>\n<link rel=\"canonical\" href=\"https:\/\/nellydevuyst.com\/fr\/categorie-produit\/preoccupations-cutanees\/peau-acneique\/\" \/>\n<meta property=\"og:locale\" content=\"fr_FR\" \/>\n<meta property=\"og:type\" content=\"article\" \/>\n<meta property=\"og:title\" content=\"Peau acn\u00e9ique | Nelly De Vuyst\u00ae Skin Care\" \/>\n<meta property=\"og:description\" content=\"L&#039;acn\u00e9 est une affection cutan\u00e9e courante combinant des cellules mortes et du s\u00e9bum en exc\u00e8s qui obstruent les pores et provoquent des boutons, des papules et des points noirs. L&#039;inflammation et la cicatrisation peuvent \u00e9galement \u00eatre pr\u00e9sentes. Contr\u00f4lez, pr\u00e9venez et retrouvez une peau nette avec les soins Nelly De Vuyst\u00ae.\" \/>\n<meta property=\"og:url\" content=\"https:\/\/nellydevuyst.com\/fr\/categorie-produit\/preoccupations-cutanees\/peau-acneique\/\" \/>\n<meta property=\"og:site_name\" content=\"Nelly De Vuyst\u00ae Skin Care\" \/>\n<meta property=\"og:image\" content=\"https:\/\/nellydevuyst.com\/wp-content\/uploads\/2024\/03\/BioAcne-Banner.jpg\" \/>\n\t<meta property=\"og:image:width\" content=\"1500\" \/>\n\t<meta property=\"og:image:height\" content=\"800\" \/>\n\t<meta property=\"og:image:type\" content=\"image\/jpeg\" \/>\n<meta name=\"twitter:card\" content=\"summary_large_image\" \/>\n<script type=\"application\/ld+json\" class=\"yoast-schema-graph\">{\"@context\":\"https:\\\/\\\/schema.org\",\"@graph\":[{\"@type\":\"CollectionPage\",\"@id\":\"https:\\\/\\\/nellydevuyst.com\\\/fr\\\/categorie-produit\\\/preoccupations-cutanees\\\/peau-acneique\\\/\",\"url\":\"https:\\\/\\\/nellydevuyst.com\\\/fr\\\/categorie-produit\\\/preoccupations-cutanees\\\/peau-acneique\\\/\",\"name\":\"Peau acn\u00e9ique | Nelly De Vuyst\u00ae Skin Care\",\"isPartOf\":{\"@id\":\"https:\\\/\\\/nellydevuyst.com\\\/fr\\\/#website\"},\"description\":\"L'acn\u00e9 est une affection cutan\u00e9e courante combinant des cellules mortes et du s\u00e9bum en exc\u00e8s qui obstruent les pores et provoquent des boutons, des papules et des points noirs. L'inflammation et la cicatrisation peuvent \u00e9galement \u00eatre pr\u00e9sentes. Contr\u00f4lez, pr\u00e9venez et retrouvez une peau nette avec les soins Nelly De Vuyst\u00ae.\",\"breadcrumb\":{\"@id\":\"https:\\\/\\\/nellydevuyst.com\\\/fr\\\/categorie-produit\\\/preoccupations-cutanees\\\/peau-acneique\\\/#breadcrumb\"},\"inLanguage\":\"fr-FR\"},{\"@type\":\"BreadcrumbList\",\"@id\":\"https:\\\/\\\/nellydevuyst.com\\\/fr\\\/categorie-produit\\\/preoccupations-cutanees\\\/peau-acneique\\\/#breadcrumb\",\"itemListElement\":[{\"@type\":\"ListItem\",\"position\":1,\"name\":\"Home\",\"item\":\"https:\\\/\\\/nellydevuyst.com\\\/fr\\\/\"},{\"@type\":\"ListItem\",\"position\":2,\"name\":\"Pr\u00e9occupations cutan\u00e9es\",\"item\":\"https:\\\/\\\/nellydevuyst.com\\\/fr\\\/categorie-produit\\\/preoccupations-cutanees\\\/\"},{\"@type\":\"ListItem\",\"position\":3,\"name\":\"Peau acn\u00e9ique\"}]},{\"@type\":\"WebSite\",\"@id\":\"https:\\\/\\\/nellydevuyst.com\\\/fr\\\/#website\",\"url\":\"https:\\\/\\\/nellydevuyst.com\\\/fr\\\/\",\"name\":\"Nelly De Vuyst\u00ae Skin Care\",\"description\":\"The Best of Science and Nature\",\"publisher\":{\"@id\":\"https:\\\/\\\/nellydevuyst.com\\\/fr\\\/#organization\"},\"alternateName\":\"NDV Skin Care\",\"potentialAction\":[{\"@type\":\"SearchAction\",\"target\":{\"@type\":\"EntryPoint\",\"urlTemplate\":\"https:\\\/\\\/nellydevuyst.com\\\/fr\\\/?s={search_term_string}\"},\"query-input\":{\"@type\":\"PropertyValueSpecification\",\"valueRequired\":true,\"valueName\":\"search_term_string\"}}],\"inLanguage\":\"fr-FR\"},{\"@type\":\"Organization\",\"@id\":\"https:\\\/\\\/nellydevuyst.com\\\/fr\\\/#organization\",\"name\":\"Nelly De Vuyst Skin Care\",\"alternateName\":\"NDV Skin Care\",\"url\":\"https:\\\/\\\/nellydevuyst.com\\\/fr\\\/\",\"logo\":{\"@type\":\"ImageObject\",\"inLanguage\":\"fr-FR\",\"@id\":\"https:\\\/\\\/nellydevuyst.com\\\/fr\\\/#\\\/schema\\\/logo\\\/image\\\/\",\"url\":\"https:\\\/\\\/nellydevuyst.com\\\/wp-content\\\/uploads\\\/2024\\\/01\\\/ndv-logo-favico.png\",\"contentUrl\":\"https:\\\/\\\/nellydevuyst.com\\\/wp-content\\\/uploads\\\/2024\\\/01\\\/ndv-logo-favico.png\",\"width\":512,\"height\":512,\"caption\":\"Nelly De Vuyst Skin Care\"},\"image\":{\"@id\":\"https:\\\/\\\/nellydevuyst.com\\\/fr\\\/#\\\/schema\\\/logo\\\/image\\\/\"},\"sameAs\":[\"https:\\\/\\\/www.facebook.com\\\/NellyDeVuystSkincare\\\/\",\"https:\\\/\\\/www.instagram.com\\\/nelly_devuyst\\\/\",\"https:\\\/\\\/www.youtube.com\\\/user\\\/derme8282\",\"https:\\\/\\\/www.tiktok.com\\\/@nellydevuyst\",\"https:\\\/\\\/www.pinterest.com.mx\\\/nellydevuystskincare\\\/\"]}]}<\/script>\n<!-- \/ Yoast SEO plugin. -->","yoast_head_json":{"title":"Peau acn\u00e9ique | Nelly De Vuyst\u00ae Skin Care","description":"L'acn\u00e9 est une affection cutan\u00e9e courante combinant des cellules mortes et du s\u00e9bum en exc\u00e8s qui obstruent les pores et provoquent des boutons, des papules et des points noirs. L'inflammation et la cicatrisation peuvent \u00e9galement \u00eatre pr\u00e9sentes. Contr\u00f4lez, pr\u00e9venez et retrouvez une peau nette avec les soins Nelly De Vuyst\u00ae.","robots":{"index":"index","follow":"follow","max-snippet":"max-snippet:-1","max-image-preview":"max-image-preview:large","max-video-preview":"max-video-preview:-1"},"canonical":"https:\/\/nellydevuyst.com\/fr\/categorie-produit\/preoccupations-cutanees\/peau-acneique\/","og_locale":"fr_FR","og_type":"article","og_title":"Peau acn\u00e9ique | Nelly De Vuyst\u00ae Skin Care","og_description":"L'acn\u00e9 est une affection cutan\u00e9e courante combinant des cellules mortes et du s\u00e9bum en exc\u00e8s qui obstruent les pores et provoquent des boutons, des papules et des points noirs. L'inflammation et la cicatrisation peuvent \u00e9galement \u00eatre pr\u00e9sentes. Contr\u00f4lez, pr\u00e9venez et retrouvez une peau nette avec les soins Nelly De Vuyst\u00ae.","og_url":"https:\/\/nellydevuyst.com\/fr\/categorie-produit\/preoccupations-cutanees\/peau-acneique\/","og_site_name":"Nelly De Vuyst\u00ae Skin Care","og_image":[{"width":1500,"height":800,"url":"https:\/\/nellydevuyst.com\/wp-content\/uploads\/2024\/03\/BioAcne-Banner.jpg","type":"image\/jpeg"}],"twitter_card":"summary_large_image","schema":{"@context":"https:\/\/schema.org","@graph":[{"@type":"CollectionPage","@id":"https:\/\/nellydevuyst.com\/fr\/categorie-produit\/preoccupations-cutanees\/peau-acneique\/","url":"https:\/\/nellydevuyst.com\/fr\/categorie-produit\/preoccupations-cutanees\/peau-acneique\/","name":"Peau acn\u00e9ique | Nelly De Vuyst\u00ae Skin Care","isPartOf":{"@id":"https:\/\/nellydevuyst.com\/fr\/#website"},"description":"L'acn\u00e9 est une affection cutan\u00e9e courante combinant des cellules mortes et du s\u00e9bum en exc\u00e8s qui obstruent les pores et provoquent des boutons, des papules et des points noirs. L'inflammation et la cicatrisation peuvent \u00e9galement \u00eatre pr\u00e9sentes. Contr\u00f4lez, pr\u00e9venez et retrouvez une peau nette avec les soins Nelly De Vuyst\u00ae.","breadcrumb":{"@id":"https:\/\/nellydevuyst.com\/fr\/categorie-produit\/preoccupations-cutanees\/peau-acneique\/#breadcrumb"},"inLanguage":"fr-FR"},{"@type":"BreadcrumbList","@id":"https:\/\/nellydevuyst.com\/fr\/categorie-produit\/preoccupations-cutanees\/peau-acneique\/#breadcrumb","itemListElement":[{"@type":"ListItem","position":1,"name":"Home","item":"https:\/\/nellydevuyst.com\/fr\/"},{"@type":"ListItem","position":2,"name":"Pr\u00e9occupations cutan\u00e9es","item":"https:\/\/nellydevuyst.com\/fr\/categorie-produit\/preoccupations-cutanees\/"},{"@type":"ListItem","position":3,"name":"Peau acn\u00e9ique"}]},{"@type":"WebSite","@id":"https:\/\/nellydevuyst.com\/fr\/#website","url":"https:\/\/nellydevuyst.com\/fr\/","name":"Nelly De Vuyst\u00ae Skin Care","description":"The Best of Science and Nature","publisher":{"@id":"https:\/\/nellydevuyst.com\/fr\/#organization"},"alternateName":"NDV Skin Care","potentialAction":[{"@type":"SearchAction","target":{"@type":"EntryPoint","urlTemplate":"https:\/\/nellydevuyst.com\/fr\/?s={search_term_string}"},"query-input":{"@type":"PropertyValueSpecification","valueRequired":true,"valueName":"search_term_string"}}],"inLanguage":"fr-FR"},{"@type":"Organization","@id":"https:\/\/nellydevuyst.com\/fr\/#organization","name":"Nelly De Vuyst Skin Care","alternateName":"NDV Skin Care","url":"https:\/\/nellydevuyst.com\/fr\/","logo":{"@type":"ImageObject","inLanguage":"fr-FR","@id":"https:\/\/nellydevuyst.com\/fr\/#\/schema\/logo\/image\/","url":"https:\/\/nellydevuyst.com\/wp-content\/uploads\/2024\/01\/ndv-logo-favico.png","contentUrl":"https:\/\/nellydevuyst.com\/wp-content\/uploads\/2024\/01\/ndv-logo-favico.png","width":512,"height":512,"caption":"Nelly De Vuyst Skin Care"},"image":{"@id":"https:\/\/nellydevuyst.com\/fr\/#\/schema\/logo\/image\/"},"sameAs":["https:\/\/www.facebook.com\/NellyDeVuystSkincare\/","https:\/\/www.instagram.com\/nelly_devuyst\/","https:\/\/www.youtube.com\/user\/derme8282","https:\/\/www.tiktok.com\/@nellydevuyst","https:\/\/www.pinterest.com.mx\/nellydevuystskincare\/"]}]}},"_links":{"self":[{"href":"https:\/\/nellydevuyst.com\/fr\/wp-json\/wp\/v2\/product_cat\/205","targetHints":{"allow":["GET"]}}],"collection":[{"href":"https:\/\/nellydevuyst.com\/fr\/wp-json\/wp\/v2\/product_cat"}],"about":[{"href":"https:\/\/nellydevuyst.com\/fr\/wp-json\/wp\/v2\/taxonomies\/product_cat"}],"up":[{"embeddable":true,"href":"https:\/\/nellydevuyst.com\/fr\/wp-json\/wp\/v2\/product_cat\/182"}],"wp:post_type":[{"href":"https:\/\/nellydevuyst.com\/fr\/wp-json\/wp\/v2\/product?product_cat=205"}],"curies":[{"name":"wp","href":"https:\/\/api.w.org\/{rel}","templated":true}]}}